{"id":59834,"date":"2019-01-18T09:49:12","date_gmt":"2019-01-18T15:49:12","guid":{"rendered":"http:\/\/visionpeninsular.com\/mid\/?p=59834"},"modified":"2019-01-18T09:49:24","modified_gmt":"2019-01-18T15:49:24","slug":"mons-jorge-patron-wong-designado-visitador-apostolico-por-el-papa-francisco","status":"publish","type":"post","link":"https:\/\/visionpeninsular.com\/mid\/mons-jorge-patron-wong-designado-visitador-apostolico-por-el-papa-francisco\/","title":{"rendered":"Mons. Jorge Patr\u00f3n Wong,  designado Visitador Apost\u00f3lico por el Papa Francisco"},"content":{"rendered":"\n<p>El Papa Francisco ha designado &nbsp;como Visitador Apost\u00f3lico para Puerto Montt\n(Chile) a Mons. Jorge Patr\u00f3n Wong, actual Secretario de Seminarios de la\nCongregaci\u00f3n para el Clero, quien acude a apaciguar los \u00e1nimos en esta\narquidi\u00f3cesis sudamericana donde surgieron denuncias contra sacerdotes por\npresuntos abusos sexuales a menores.<\/p>\n\n\n\n<p>El anuncio fue hecho por la Arquidi\u00f3cesis de Puerto Montt, a\nla cual Mons. Patr\u00f3n llegar\u00e1 el 19 de enero y permanecer\u00e1 hasta el 24 del mismo\nmes.<\/p>\n\n\n\n<p>La designaci\u00f3n de Mons. Patr\u00f3n responde a una solicitud\nhecha por el Administrador Apost\u00f3lico de la Arquidi\u00f3cesis de Puerto Montt, P.\nRicardo Morales Galindo.<\/p>\n\n\n\n<p>De acuerdo con la agencia cat\u00f3lica aciprensa.com, el Santo\nPadre envi\u00f3 a Mons. Patr\u00f3n \u201cpara que en su nombre pueda manifestar su cercan\u00eda\nal Pueblo de Dios\u201d y para \u201cpropiciar un espacio de encuentro y escucha, en que\npuedan expresarse con libertad todos los sacerdotes, miembros representativos\nde la vida consagrada y del laicado de Puerto Montt\u201d.<\/p>\n\n\n\n<p>\u201cEl objetivo del Visitador ser\u00e1 valorar e informar a la\nSanta Sede sobre el estado de la vida, el ministerio y la disciplina del clero,\nanimar\u00e1 la pastoral de los presb\u00edteros y sugerir\u00e1 iniciativas para el\nacompa\u00f1amiento de los sacerdotes\u201d, menciona la agencia citando un bolet\u00edn de la\n.<\/p>\n\n\n\n<p>Adem\u00e1s, contin\u00faa el comunicado, \u201cpondr\u00e1 especial atenci\u00f3n en\nla pastoral vocacional y en la formaci\u00f3n de la peque\u00f1a comunidad formativa del\nseminario\u201d.<\/p>\n\n\n\n<p>El P. Ricardo Morales Galindo, tambi\u00e9n Provincial de la\nOrden de la Merced en Chile, asumi\u00f3 el gobierno de la Arquidi\u00f3cesis de Puerto\nMontt en junio de 2018 luego de que el Papa Francisco acept\u00f3 la renuncia de\nMons. Cristi\u00e1n Caro.<\/p>\n\n\n\n<p>La designaci\u00f3n ocurre luego que algunos fieles en la Misa de\nla Solemnidad de la Inmaculada Concepci\u00f3n, el pasado 8 de diciembre, exigieron\nla salida de Fray Morales por la denuncia que hizo contra dos sacerdotes de la\narquidi\u00f3cesis.<\/p>\n\n\n\n<p>La arquidi\u00f3cesis tambi\u00e9n anunci\u00f3 la investigaci\u00f3n de algunos\nsacerdotes por supuesto abuso sexual contra menores. El Administrador\nApost\u00f3lico adem\u00e1s ha declarado ante la justicia por un supuesto encubrimiento\nde abuso sexual por parte de un miembro de su congregaci\u00f3n.<\/p>\n\n\n\n<p>Las medidas y acciones tomadas por el Santo Padre y por la\nIglesia en Chile se han realizado con el objetivo de restablecer la justicia y\ncomuni\u00f3n eclesial tras los continuos esc\u00e1ndalos de abuso sexual cometidos por\nalgunos miembros de la Iglesia local.<\/p>\n<div class='share-to-whatsapp-wrapper'><div class='share-on-whsp'>Share on: <\/div><a data-text='Mons. Jorge Patr\u00f3n Wong,  designado Visitador Apost\u00f3lico por el Papa Francisco' data-link='https:\/\/visionpeninsular.com\/mid\/mons-jorge-patron-wong-designado-visitador-apostolico-por-el-papa-francisco\/' class='whatsapp-button whatsapp-share'>WhatsApp<\/a><div class='clear '><\/div><\/div>","protected":false},"excerpt":{"rendered":"<p>El Papa Francisco ha designado &nbsp;como Visitador Apost\u00f3lico para Puerto Montt (Chile) a Mons. Jorge Patr\u00f3n Wong, actual Secretario de Seminarios de la Congregaci\u00f3n para el Clero, quien acude a apaciguar los \u00e1nimos en esta arquidi\u00f3cesis sudamericana donde surgieron denuncias contra sacerdotes por presuntos abusos sexuales a menores. El anuncio fue hecho por la Arquidi\u00f3cesis &hellip;<\/p>\n","protected":false},"author":5,"featured_media":59883,"comment_status":"open","ping_status":"open","sticky":false,"template":"","format":"standard","meta":{"_mi_skip_tracking":false},"categories":[50,37],"tags":[562,226,14166,14165],"_links":{"self":[{"href":"https:\/\/visionpeninsular.com\/mid\/wp-json\/wp\/v2\/posts\/59834"}],"collection":[{"href":"https:\/\/visionpeninsular.com\/mid\/wp-json\/wp\/v2\/posts"}],"about":[{"href":"https:\/\/visionpeninsular.com\/mid\/wp-json\/wp\/v2\/types\/post"}],"author":[{"embeddable":true,"href":"https:\/\/visionpeninsular.com\/mid\/wp-json\/wp\/v2\/users\/5"}],"replies":[{"embeddable":true,"href":"https:\/\/visionpeninsular.com\/mid\/wp-json\/wp\/v2\/comments?post=59834"}],"version-history":[{"count":1,"href":"https:\/\/visionpeninsular.com\/mid\/wp-json\/wp\/v2\/posts\/59834\/revisions"}],"predecessor-version":[{"id":59894,"href":"https:\/\/visionpeninsular.com\/mid\/wp-json\/wp\/v2\/posts\/59834\/revisions\/59894"}],"wp:featuredmedia":[{"embeddable":true,"href":"https:\/\/visionpeninsular.com\/mid\/wp-json\/wp\/v2\/media\/59883"}],"wp:attachment":[{"href":"https:\/\/visionpeninsular.com\/mid\/wp-json\/wp\/v2\/media?parent=59834"}],"wp:term":[{"taxonomy":"category","embeddable":true,"href":"https:\/\/visionpeninsular.com\/mid\/wp-json\/wp\/v2\/categories?post=59834"},{"taxonomy":"post_tag","embeddable":true,"href":"https:\/\/visionpeninsular.com\/mid\/wp-json\/wp\/v2\/tags?post=59834"}],"curies":[{"name":"wp","href":"https:\/\/api.w.org\/{rel}","templated":true}]}}