{"id":5947,"date":"2016-06-21T16:29:57","date_gmt":"2016-06-21T21:29:57","guid":{"rendered":"http:\/\/visionpeninsular.com\/mid\/?p=5947"},"modified":"2016-06-21T16:29:57","modified_gmt":"2016-06-21T21:29:57","slug":"se-espera-una-gran-llegada-de-turismo-nacional-y-extranjero-en-yucatan","status":"publish","type":"post","link":"https:\/\/visionpeninsular.com\/mid\/se-espera-una-gran-llegada-de-turismo-nacional-y-extranjero-en-yucatan\/","title":{"rendered":"Se espera una gran llegada de turismo nacional y extranjero en Yucat\u00e1n"},"content":{"rendered":"<p>El secretario de Fomento Tur\u00edstico en el Estado Sa\u00fal Ancona Salazar, indic\u00f3 que este verano se espera una gran llegada de turismo nacional y extranjero, por lo que se espera superar las cifras del 2015.<br \/>\nIndic\u00f3 que hay una campa\u00f1a nacional, como la semana de Yucat\u00e1n en M\u00e9xico, que ha llamado mucho la atenci\u00f3n. Dijo que el mercado nacional est\u00e1 motivado y a partir del 15 de julio se espera muchos turistas en el estado.<\/p>\n<p>Indic\u00f3 adem\u00e1s que se estar\u00e1 reprogramando la frecuencia de vuelos de Dallas a M\u00e9rida, por lo que se espera un mayor arribo de turistas en Yucat\u00e1n.<\/p>\n<p>Se\u00f1al\u00f3 que ser\u00e1 hasta diciembre cuando se den a conocer las cifras obtenidas de este a\u00f1o. Se har\u00e1 un resumen de lo que se haya obtenido.<\/p>\n<div class='share-to-whatsapp-wrapper'><div class='share-on-whsp'>Share on: <\/div><a data-text='Se espera una gran llegada de turismo nacional y extranjero en Yucat\u00e1n' data-link='https:\/\/visionpeninsular.com\/mid\/se-espera-una-gran-llegada-de-turismo-nacional-y-extranjero-en-yucatan\/' class='whatsapp-button whatsapp-share'>WhatsApp<\/a><div class='clear '><\/div><\/div>","protected":false},"excerpt":{"rendered":"<p>El secretario de Fomento Tur\u00edstico en el Estado Sa\u00fal Ancona Salazar, indic\u00f3 que este verano se espera una gran llegada de turismo nacional y extranjero, por lo que se espera superar las cifras del 2015. Indic\u00f3 que hay una campa\u00f1a nacional, como la semana de Yucat\u00e1n en M\u00e9xico, que ha llamado mucho la atenci\u00f3n. Dijo &hellip;<\/p>\n","protected":false},"author":3,"featured_media":5948,"comment_status":"open","ping_status":"open","sticky":false,"template":"","format":"standard","meta":{"_mi_skip_tracking":false},"categories":[50,37],"tags":[77],"_links":{"self":[{"href":"https:\/\/visionpeninsular.com\/mid\/wp-json\/wp\/v2\/posts\/5947"}],"collection":[{"href":"https:\/\/visionpeninsular.com\/mid\/wp-json\/wp\/v2\/posts"}],"about":[{"href":"https:\/\/visionpeninsular.com\/mid\/wp-json\/wp\/v2\/types\/post"}],"author":[{"embeddable":true,"href":"https:\/\/visionpeninsular.com\/mid\/wp-json\/wp\/v2\/users\/3"}],"replies":[{"embeddable":true,"href":"https:\/\/visionpeninsular.com\/mid\/wp-json\/wp\/v2\/comments?post=5947"}],"version-history":[{"count":1,"href":"https:\/\/visionpeninsular.com\/mid\/wp-json\/wp\/v2\/posts\/5947\/revisions"}],"predecessor-version":[{"id":5949,"href":"https:\/\/visionpeninsular.com\/mid\/wp-json\/wp\/v2\/posts\/5947\/revisions\/5949"}],"wp:featuredmedia":[{"embeddable":true,"href":"https:\/\/visionpeninsular.com\/mid\/wp-json\/wp\/v2\/media\/5948"}],"wp:attachment":[{"href":"https:\/\/visionpeninsular.com\/mid\/wp-json\/wp\/v2\/media?parent=5947"}],"wp:term":[{"taxonomy":"category","embeddable":true,"href":"https:\/\/visionpeninsular.com\/mid\/wp-json\/wp\/v2\/categories?post=5947"},{"taxonomy":"post_tag","embeddable":true,"href":"https:\/\/visionpeninsular.com\/mid\/wp-json\/wp\/v2\/tags?post=5947"}],"curies":[{"name":"wp","href":"https:\/\/api.w.org\/{rel}","templated":true}]}}