{"id":59294,"date":"2019-01-18T07:19:49","date_gmt":"2019-01-18T13:19:49","guid":{"rendered":"http:\/\/visionpeninsular.com\/mid\/?p=59294"},"modified":"2019-01-18T07:19:52","modified_gmt":"2019-01-18T13:19:52","slug":"hieren-de-bala-dos-hombres-en-pleno-centro-de-cozumel-quintana-roo","status":"publish","type":"post","link":"https:\/\/visionpeninsular.com\/mid\/hieren-de-bala-dos-hombres-en-pleno-centro-de-cozumel-quintana-roo\/","title":{"rendered":"Hieren de bala a dos hombres en pleno centro de Cozumel, Quintana Roo"},"content":{"rendered":"\n<p> Seg\u00fan los vecinos, el reporte del hecho ocurri\u00f3 alrededor de las 12:10  horas de hoy, cuando al n\u00famero de emergencias 911 alertaron a las  autoridades que en pleno centro de la ciudad personas en el interior de  un coche estaban heridos tras haber sido agredidos a balazos. <\/p>\n\n\n\n<p> Luego del varios minutos, elementos de la Polic\u00eda Municipal arribaron al  sito para verificar el hecho; al llegar confirmaron el llamado y  procedieron en acordonar el \u00e1rea y solicitar la intervenci\u00f3n de una  ambulancia as\u00ed como de la Polic\u00eda Ministerial, peritos y personal del  Servicio M\u00e9dico Forense de la Fiscal\u00eda General del Estado. <\/p>\n\n\n\n<p> Se supo que el veh\u00edculo donde iban las v\u00edctimas es un Volkswagen Jetta  gris que seg\u00fan las autoridades, recibi\u00f3 cuatro impactos de bala y se  estrell\u00f3 contra el camell\u00f3n central de la avenida, adem\u00e1s tres personas  estaban en el veh\u00edculo de las cuales dos resultaron heridos, mientras  que la tercera es una f\u00e9mina que sali\u00f3 ilesa. <\/p>\n\n\n\n<p>\nLos testigos refirieron que los j\u00f3venes optaron por correr al Hospital \nGeneral para pedir ayuda; hasta el momento la fiscal\u00eda afirm\u00f3 que \ncontin\u00faa con las investigaciones para tratar de dar con el paradero de \nlos presuntos culpables de este crimen.\n\n<\/p>\n<div class='share-to-whatsapp-wrapper'><div class='share-on-whsp'>Share on: <\/div><a data-text='Hieren de bala a dos hombres en pleno centro de Cozumel, Quintana Roo' data-link='https:\/\/visionpeninsular.com\/mid\/hieren-de-bala-dos-hombres-en-pleno-centro-de-cozumel-quintana-roo\/' class='whatsapp-button whatsapp-share'>WhatsApp<\/a><div class='clear '><\/div><\/div>","protected":false},"excerpt":{"rendered":"<p>Seg\u00fan los vecinos, el reporte del hecho ocurri\u00f3 alrededor de las 12:10 horas de hoy, cuando al n\u00famero de emergencias 911 alertaron a las autoridades que en pleno centro de la ciudad personas en el interior de un coche estaban heridos tras haber sido agredidos a balazos. Luego del varios minutos, elementos de la Polic\u00eda &hellip;<\/p>\n","protected":false},"author":1,"featured_media":59299,"comment_status":"open","ping_status":"open","sticky":false,"template":"","format":"standard","meta":{"_mi_skip_tracking":false},"categories":[48],"tags":[52],"_links":{"self":[{"href":"https:\/\/visionpeninsular.com\/mid\/wp-json\/wp\/v2\/posts\/59294"}],"collection":[{"href":"https:\/\/visionpeninsular.com\/mid\/wp-json\/wp\/v2\/posts"}],"about":[{"href":"https:\/\/visionpeninsular.com\/mid\/wp-json\/wp\/v2\/types\/post"}],"author":[{"embeddable":true,"href":"https:\/\/visionpeninsular.com\/mid\/wp-json\/wp\/v2\/users\/1"}],"replies":[{"embeddable":true,"href":"https:\/\/visionpeninsular.com\/mid\/wp-json\/wp\/v2\/comments?post=59294"}],"version-history":[{"count":1,"href":"https:\/\/visionpeninsular.com\/mid\/wp-json\/wp\/v2\/posts\/59294\/revisions"}],"predecessor-version":[{"id":59300,"href":"https:\/\/visionpeninsular.com\/mid\/wp-json\/wp\/v2\/posts\/59294\/revisions\/59300"}],"wp:featuredmedia":[{"embeddable":true,"href":"https:\/\/visionpeninsular.com\/mid\/wp-json\/wp\/v2\/media\/59299"}],"wp:attachment":[{"href":"https:\/\/visionpeninsular.com\/mid\/wp-json\/wp\/v2\/media?parent=59294"}],"wp:term":[{"taxonomy":"category","embeddable":true,"href":"https:\/\/visionpeninsular.com\/mid\/wp-json\/wp\/v2\/categories?post=59294"},{"taxonomy":"post_tag","embeddable":true,"href":"https:\/\/visionpeninsular.com\/mid\/wp-json\/wp\/v2\/tags?post=59294"}],"curies":[{"name":"wp","href":"https:\/\/api.w.org\/{rel}","templated":true}]}}