{"id":59175,"date":"2019-01-17T11:15:30","date_gmt":"2019-01-17T17:15:30","guid":{"rendered":"http:\/\/visionpeninsular.com\/mid\/?p=59175"},"modified":"2019-01-17T11:15:39","modified_gmt":"2019-01-17T17:15:39","slug":"se-redujo-presupuesto-para-defender-la-infancia","status":"publish","type":"post","link":"https:\/\/visionpeninsular.com\/mid\/se-redujo-presupuesto-para-defender-la-infancia\/","title":{"rendered":"Se redujo presupuesto para defender a la infancia"},"content":{"rendered":"\n<p>Redim pide considerar derechos de ni\u00f1as, ni\u00f1os y\nadolescentes<\/p>\n\n\n\n<p>Por: la Redacci\u00f3n<\/p>\n\n\n\n<p>Cimacnoticias | Ciudad de M\u00e9xico.- <\/p>\n\n\n\n<p>La Red por los Derechos de la Infancia en M\u00e9xico (Redim)\nexigi\u00f3 al presidente Andr\u00e9s Manuel L\u00f3pez Obrador considerar la agenda de los\nderechos de ni\u00f1as, ni\u00f1os y adolescentes en los programas estrat\u00e9gicos. <\/p>\n\n\n\n<p>En un comunicado la Redim pidi\u00f3 que L\u00f3pez Obrador incluya a\nni\u00f1as, ni\u00f1os y adolescentes en los programas estrat\u00e9gicos de desarrollo social\npara la garant\u00eda de seguridad, protecci\u00f3n y Derechos Humanos.&nbsp; <\/p>\n\n\n\n<p>La Redim manifest\u00f3 que es contradictorio que se redujera\npresupuesto a instituciones como las Procuradur\u00edas de Protecci\u00f3n de Ni\u00f1ez del\nDIF (reducci\u00f3n del 16 por ciento) y al Sistema Nacional de B\u00fasqueda de Personas\nDesaparecidas (se disminuy\u00f3 un 40 por ciento), las cuales garantizan y protegen\nlos derechos de ni\u00f1as, ni\u00f1os y adolescentes del pa\u00eds.<\/p>\n\n\n\n<p>La Red manifest\u00f3 su preocupaci\u00f3n pues diariamente\ndesaparecen 4 ni\u00f1as y ni\u00f1os y asesinan a 3.6 ni\u00f1as, ni\u00f1os y adolescentes en el\npa\u00eds, pues desde 1 de diciembre de 2012 al 30 de abril de 2018, contin\u00faan desaparecidos\n4 mil 980, de los cuales 61.6 por ciento son mujeres.<\/p>\n\n\n\n<p>Juan Mart\u00edn P\u00e9rez Garc\u00eda, director ejecutivo de Redim se\u00f1al\u00f3\nque para el nuevo gobierno parece no tener importancia 30 por ciento de la\npoblaci\u00f3n, casi 40 millones de ni\u00f1as, ni\u00f1os y adolescentes.<\/p>\n\n\n\n<p>\u201cPara L\u00f3pez Obrador no est\u00e1n presentes ni en su discurso, ni\nen el presupuesto, ni en los programas que son estrat\u00e9gicos, el 30 por ciento\nde la poblaci\u00f3n, ya que m\u00e1s all\u00e1 de los discursos del futuro, en los hechos se\nles ignora y es preocupante\u201d.<\/p>\n\n\n\n<p>Tambi\u00e9n record\u00f3 que el pasado 30 de abril el entonces\ncandidato a la Presidencia de la Rep\u00fablica firm\u00f3 nueve compromisos por los\nderechos de la ni\u00f1ez donde ofrecido que ning\u00fan joven se quedar\u00eda sin\noportunidad de estudiar y enfatizo en evitar la desintegraci\u00f3n de la familia.<\/p>\n\n\n\n<p>La Redim asegur\u00f3 que las organizaciones seguir\u00e1n insistiendo\na las nuevas autoridades para reunirse y trabajar los elementos a incorporar en\nel Plan Nacional de Desarrollo para los pr\u00f3ximos seis a\u00f1os de gesti\u00f3n.<\/p>\n\n\n\n<p>&nbsp;19\/ERA<\/p>\n<div class='share-to-whatsapp-wrapper'><div class='share-on-whsp'>Share on: <\/div><a data-text='Se redujo presupuesto para defender a la infancia' data-link='https:\/\/visionpeninsular.com\/mid\/se-redujo-presupuesto-para-defender-la-infancia\/' class='whatsapp-button whatsapp-share'>WhatsApp<\/a><div class='clear '><\/div><\/div>","protected":false},"excerpt":{"rendered":"<p>Redim pide considerar derechos de ni\u00f1as, ni\u00f1os y adolescentes Por: la Redacci\u00f3n Cimacnoticias | Ciudad de M\u00e9xico.- La Red por los Derechos de la Infancia en M\u00e9xico (Redim) exigi\u00f3 al presidente Andr\u00e9s Manuel L\u00f3pez Obrador considerar la agenda de los derechos de ni\u00f1as, ni\u00f1os y adolescentes en los programas estrat\u00e9gicos. En un comunicado la Redim &hellip;<\/p>\n","protected":false},"author":5,"featured_media":59188,"comment_status":"open","ping_status":"open","sticky":false,"template":"","format":"standard","meta":{"_mi_skip_tracking":false},"categories":[50,37],"tags":[8148,14145,14146],"_links":{"self":[{"href":"https:\/\/visionpeninsular.com\/mid\/wp-json\/wp\/v2\/posts\/59175"}],"collection":[{"href":"https:\/\/visionpeninsular.com\/mid\/wp-json\/wp\/v2\/posts"}],"about":[{"href":"https:\/\/visionpeninsular.com\/mid\/wp-json\/wp\/v2\/types\/post"}],"author":[{"embeddable":true,"href":"https:\/\/visionpeninsular.com\/mid\/wp-json\/wp\/v2\/users\/5"}],"replies":[{"embeddable":true,"href":"https:\/\/visionpeninsular.com\/mid\/wp-json\/wp\/v2\/comments?post=59175"}],"version-history":[{"count":1,"href":"https:\/\/visionpeninsular.com\/mid\/wp-json\/wp\/v2\/posts\/59175\/revisions"}],"predecessor-version":[{"id":59189,"href":"https:\/\/visionpeninsular.com\/mid\/wp-json\/wp\/v2\/posts\/59175\/revisions\/59189"}],"wp:featuredmedia":[{"embeddable":true,"href":"https:\/\/visionpeninsular.com\/mid\/wp-json\/wp\/v2\/media\/59188"}],"wp:attachment":[{"href":"https:\/\/visionpeninsular.com\/mid\/wp-json\/wp\/v2\/media?parent=59175"}],"wp:term":[{"taxonomy":"category","embeddable":true,"href":"https:\/\/visionpeninsular.com\/mid\/wp-json\/wp\/v2\/categories?post=59175"},{"taxonomy":"post_tag","embeddable":true,"href":"https:\/\/visionpeninsular.com\/mid\/wp-json\/wp\/v2\/tags?post=59175"}],"curies":[{"name":"wp","href":"https:\/\/api.w.org\/{rel}","templated":true}]}}