{"id":58884,"date":"2019-01-15T20:25:37","date_gmt":"2019-01-16T02:25:37","guid":{"rendered":"http:\/\/visionpeninsular.com\/mid\/?p=58884"},"modified":"2019-01-15T20:25:57","modified_gmt":"2019-01-16T02:25:57","slug":"ligia-camara-reposa-en-el-monumento-los-creadores","status":"publish","type":"post","link":"https:\/\/visionpeninsular.com\/mid\/ligia-camara-reposa-en-el-monumento-los-creadores\/","title":{"rendered":"Ligia C\u00e1mara reposa en el Monumento a los Creadores"},"content":{"rendered":"\n<p>Las cenizas Ligia C\u00e1mara Blum, autora de temas como \u201cVen\namor\u201d, con versos de Jos\u00e9 Pe\u00f3n Contreras, y \u201cSe me gast\u00f3 el amor\u201d, yacen a\npartir de este d\u00eda en la cripta 44 de la tercera secci\u00f3n del Monumento a los\nCreadores de la Canci\u00f3n Yucateca del Cementerio General de M\u00e9rida.<\/p>\n\n\n\n<p>Al acto, organizado por la Sociedad Art\u00edstica \u201cRicardo\nPalmer\u00edn\u201d con apoyo de la Secretar\u00eda de la Cultura y las Artes (SEDECULTA),\nacudieron la titular de la dependencia, Erica Millet Corona, y Luis P\u00e9rez\nSabido, presidente de la asociaci\u00f3n. Adem\u00e1s, la hermana de la compositora, L\u00eda\nC\u00e1mara Blum, y su sobrina nieta, Gianina de la Guerra Maceo, quien introdujo\nlos restos mortales al ritmo del bambuco \u201cQue entierren mi cuerpo\u201d.<\/p>\n\n\n\n<p>El investigador y presidente adjunto de la agrupaci\u00f3n,\nEnrique Mart\u00edn Brice\u00f1o, resalt\u00f3 las cualidades de la tambi\u00e9n pianista y dijo\nque era una int\u00e9rprete fuera de serie. Su voz fue un atractivo color grave y\npose\u00eda una sensible e inteligente traducci\u00f3n musical de lo que la letra y la\nsonoridad dicen, sostuvo.<\/p>\n\n\n\n<p>Mart\u00edn Brice\u00f1o asegur\u00f3 que la homenajeada sab\u00eda cantar con\nla voz y el piano, en la din\u00e1mica, es decir el volumen y la ag\u00f3gica o la\nvelocidad, fue una gran maestra. Agreg\u00f3 que escribi\u00f3 m\u00e1s de una docena de\nmelod\u00edas, la mayor\u00eda desde 1998, con letras de autores yucatecos en un intento\npor revitalizar la trova.<\/p>\n\n\n\n<p>\u201cJovial, c\u00e1lida, generosa, Ligia era un sol que iluminaba a\nsu familia y a sus amigos y que derram\u00f3 su luz entre los centenares de ni\u00f1as y\nni\u00f1os que fueron sus alumnos. Sus incontables deudos, en Yucat\u00e1n, en M\u00e9xico,\nm\u00e1s all\u00e1 de las fronteras del pa\u00eds, no hemos dejado de evocar, con tristeza,\nlos momentos que su m\u00fasica nos regal\u00f3\u201d, expres\u00f3.<\/p>\n\n\n\n<p>Durante la ceremonia, se escucharon cuatro grabaciones de la\nartista interpretando sus canciones, cuya explicaci\u00f3n estuvo a cargo de P\u00e9rez\nSabido, entre ellas \u201cSinceridad\u201d, con versos de Rosario Sansores; \u201cComo sangre\ny herida, con texto del propio orador; el bolero preludio \u201cPara ti\u201d, de su\ntotal autor\u00eda, y la ya citada \u201cVen amor\u201d.<\/p>\n\n\n\n<p>Los hermanos C\u00e9sar y Jos\u00e9 Marrufo Mena, integrantes de Los\nJuglares, intervinieron con el mencionado bambuco de Jos\u00e9 Esquivel Pren y\nRicardo Palmer\u00edn, as\u00ed como \u201cLas golondrinas\u201d de Luis Rosado Vega y de quien da\nnombre a dicha Sociedad.<\/p>\n\n\n\n<p>Antes de introducir las cenizas al espacio correspondiente,\nse instal\u00f3 una guardia de honor a cargo de Millet Corona, las familiares y\npersonajes como la cantante Maru Boeta, la presidenta del Museo de la Canci\u00f3n\nYucateca, Elena Fern\u00e1ndez Moral, y el director de Cultura del Ayuntamiento de\nM\u00e9rida, Irving Berl\u00edn Villafa\u00f1a.<\/p>\n\n\n\n<p>Presenciaron el evento el delegado de la Sociedad de Autores\ny Compositores de M\u00e9xico, Pablo Isaac Ses\u00edn, y el vicepresidente de la Liga de\nAcci\u00f3n Social, Ariel Avil\u00e9s Mar\u00edn. Igualmente, los cantautores Maricarmen P\u00e9rez\ny Felipe de la Cruz, as\u00ed como numerosos creadores del rubro.<\/p>\n<div class='share-to-whatsapp-wrapper'><div class='share-on-whsp'>Share on: <\/div><a data-text='Ligia C\u00e1mara reposa en el Monumento a los Creadores' data-link='https:\/\/visionpeninsular.com\/mid\/ligia-camara-reposa-en-el-monumento-los-creadores\/' class='whatsapp-button whatsapp-share'>WhatsApp<\/a><div class='clear '><\/div><\/div>","protected":false},"excerpt":{"rendered":"<p>Las cenizas Ligia C\u00e1mara Blum, autora de temas como \u201cVen amor\u201d, con versos de Jos\u00e9 Pe\u00f3n Contreras, y \u201cSe me gast\u00f3 el amor\u201d, yacen a partir de este d\u00eda en la cripta 44 de la tercera secci\u00f3n del Monumento a los Creadores de la Canci\u00f3n Yucateca del Cementerio General de M\u00e9rida. Al acto, organizado por &hellip;<\/p>\n","protected":false},"author":5,"featured_media":58893,"comment_status":"open","ping_status":"open","sticky":false,"template":"","format":"standard","meta":{"_mi_skip_tracking":false},"categories":[50,37],"tags":[14123],"_links":{"self":[{"href":"https:\/\/visionpeninsular.com\/mid\/wp-json\/wp\/v2\/posts\/58884"}],"collection":[{"href":"https:\/\/visionpeninsular.com\/mid\/wp-json\/wp\/v2\/posts"}],"about":[{"href":"https:\/\/visionpeninsular.com\/mid\/wp-json\/wp\/v2\/types\/post"}],"author":[{"embeddable":true,"href":"https:\/\/visionpeninsular.com\/mid\/wp-json\/wp\/v2\/users\/5"}],"replies":[{"embeddable":true,"href":"https:\/\/visionpeninsular.com\/mid\/wp-json\/wp\/v2\/comments?post=58884"}],"version-history":[{"count":1,"href":"https:\/\/visionpeninsular.com\/mid\/wp-json\/wp\/v2\/posts\/58884\/revisions"}],"predecessor-version":[{"id":58894,"href":"https:\/\/visionpeninsular.com\/mid\/wp-json\/wp\/v2\/posts\/58884\/revisions\/58894"}],"wp:featuredmedia":[{"embeddable":true,"href":"https:\/\/visionpeninsular.com\/mid\/wp-json\/wp\/v2\/media\/58893"}],"wp:attachment":[{"href":"https:\/\/visionpeninsular.com\/mid\/wp-json\/wp\/v2\/media?parent=58884"}],"wp:term":[{"taxonomy":"category","embeddable":true,"href":"https:\/\/visionpeninsular.com\/mid\/wp-json\/wp\/v2\/categories?post=58884"},{"taxonomy":"post_tag","embeddable":true,"href":"https:\/\/visionpeninsular.com\/mid\/wp-json\/wp\/v2\/tags?post=58884"}],"curies":[{"name":"wp","href":"https:\/\/api.w.org\/{rel}","templated":true}]}}