{"id":58854,"date":"2019-01-15T20:04:01","date_gmt":"2019-01-16T02:04:01","guid":{"rendered":"http:\/\/visionpeninsular.com\/mid\/?p=58854"},"modified":"2019-01-15T20:04:13","modified_gmt":"2019-01-16T02:04:13","slug":"jaraneros-llenan-de-color-merida-en-la-magna-vaqueria","status":"publish","type":"post","link":"https:\/\/visionpeninsular.com\/mid\/jaraneros-llenan-de-color-merida-en-la-magna-vaqueria\/","title":{"rendered":"Jaraneros llenan de color a M\u00e9rida en la magna vaquer\u00eda"},"content":{"rendered":"\n<p>M\u00fasica regional, ternos, filipinas y sombreros vistieron de\ncolor a M\u00e9rida en la \u201cMagna vaquer\u00eda\u201d efectuada anoche en bajos del Palacio\nMunicipal. Fueron los Ballets Folcl\u00f3ricos Titular, Representativo, Juvenil y\ndel Adulto Mayor los protagonistas de una demostraci\u00f3n de una de las\ntradiciones vigentes que identifica a la ciudad: la jarana yucateca.<\/p>\n\n\n\n<p>Puntual como cada lunes, los acordes de la Orquesta Jaranera\nque dirige el maestro Alfonso Mart\u00edn se escucharon minutos despu\u00e9s de las 9 de\nla noche con \u201cLa fiesta del pueblo\u201d, que marc\u00f3 la entrada de los cuatro grupos\njaraneros. Le siguieron los temas \u201cRen\u00e1n y Aldair\u201d, \u201cTimbalero\u201d y \u201cLanceros\u201d en\nlos que los ballets se fueron intercalando en escena para las diferentes\nejecuciones.<\/p>\n\n\n\n<p>\u201cAl son de una copla\u201d fue uno de los n\u00fameros m\u00e1s aplaudidos\npor la destreza con que los ejecutantes de los ballets Representativo, Titular\ny Juvenil ejecutaron el baile de las cintas al entretejerlas en los m\u00e1stiles.\nLa noche incluy\u00f3 tambi\u00e9n bailes con charolas y botellas en la cabeza de los\nbailarines al ritmo de \u201cMi lindo Motul\u201d y \u201cEl ferrocarril\u201d; tambi\u00e9n se bail\u00f3\ncon los ritmos de \u201cMi yucateca\u201d, \u201cPichico amoroso\u201d, \u201cMestiza\u201d y para finalizar\nentre dianas el son de jaleo \u201cEl Torito\u201d.<\/p>\n\n\n\n<p>\u201cEs muy bonito que se hagan estos eventos porque se fomenta\nla cultura de un baile t\u00edpico tan bonito\u201d, comparti\u00f3 el Sr. Demetrio Ramos quien\nacompa\u00f1ado de su esposa llegaron de la Ciudad de M\u00e9xico para visitar M\u00e9rida.<\/p>\n\n\n\n<p>Los jaraneros de todos los ballets regresar\u00e1n a las\nactividades del M\u00e9rida Fest el pr\u00f3ximo lunes 21 cuando se realice el\ntradicional \u201cEncuentro con Gremios\u201d, al que se sumar\u00e1n estudiantes de folclor y\notros grupos de la ciudad. Los bailarines partir\u00e1n caminando de dos puntos, los\nparques de Santiago y Santa Ana a las 20:30 horas, para reunirse en bajos del\nPalacio Municipal donde se realizar\u00e1 una vaquer\u00eda abierta para todos los que\ndeseen participar.<\/p>\n\n\n\n<p>Bolet\u00edn de prensa<\/p>\n<div class='share-to-whatsapp-wrapper'><div class='share-on-whsp'>Share on: <\/div><a data-text='Jaraneros llenan de color a M\u00e9rida en la magna vaquer\u00eda' data-link='https:\/\/visionpeninsular.com\/mid\/jaraneros-llenan-de-color-merida-en-la-magna-vaqueria\/' class='whatsapp-button whatsapp-share'>WhatsApp<\/a><div class='clear '><\/div><\/div>","protected":false},"excerpt":{"rendered":"<p>M\u00fasica regional, ternos, filipinas y sombreros vistieron de color a M\u00e9rida en la \u201cMagna vaquer\u00eda\u201d efectuada anoche en bajos del Palacio Municipal. Fueron los Ballets Folcl\u00f3ricos Titular, Representativo, Juvenil y del Adulto Mayor los protagonistas de una demostraci\u00f3n de una de las tradiciones vigentes que identifica a la ciudad: la jarana yucateca. Puntual como cada &hellip;<\/p>\n","protected":false},"author":5,"featured_media":58863,"comment_status":"open","ping_status":"open","sticky":false,"template":"","format":"standard","meta":{"_mi_skip_tracking":false},"categories":[50,37],"tags":[41,14121,3263,5338],"_links":{"self":[{"href":"https:\/\/visionpeninsular.com\/mid\/wp-json\/wp\/v2\/posts\/58854"}],"collection":[{"href":"https:\/\/visionpeninsular.com\/mid\/wp-json\/wp\/v2\/posts"}],"about":[{"href":"https:\/\/visionpeninsular.com\/mid\/wp-json\/wp\/v2\/types\/post"}],"author":[{"embeddable":true,"href":"https:\/\/visionpeninsular.com\/mid\/wp-json\/wp\/v2\/users\/5"}],"replies":[{"embeddable":true,"href":"https:\/\/visionpeninsular.com\/mid\/wp-json\/wp\/v2\/comments?post=58854"}],"version-history":[{"count":1,"href":"https:\/\/visionpeninsular.com\/mid\/wp-json\/wp\/v2\/posts\/58854\/revisions"}],"predecessor-version":[{"id":58864,"href":"https:\/\/visionpeninsular.com\/mid\/wp-json\/wp\/v2\/posts\/58854\/revisions\/58864"}],"wp:featuredmedia":[{"embeddable":true,"href":"https:\/\/visionpeninsular.com\/mid\/wp-json\/wp\/v2\/media\/58863"}],"wp:attachment":[{"href":"https:\/\/visionpeninsular.com\/mid\/wp-json\/wp\/v2\/media?parent=58854"}],"wp:term":[{"taxonomy":"category","embeddable":true,"href":"https:\/\/visionpeninsular.com\/mid\/wp-json\/wp\/v2\/categories?post=58854"},{"taxonomy":"post_tag","embeddable":true,"href":"https:\/\/visionpeninsular.com\/mid\/wp-json\/wp\/v2\/tags?post=58854"}],"curies":[{"name":"wp","href":"https:\/\/api.w.org\/{rel}","templated":true}]}}