{"id":5847,"date":"2016-06-20T16:46:46","date_gmt":"2016-06-20T21:46:46","guid":{"rendered":"http:\/\/visionpeninsular.com\/mid\/?p=5847"},"modified":"2016-06-20T16:46:46","modified_gmt":"2016-06-20T21:46:46","slug":"300-millones-de-pesos-deja-ventas-en-el-dia-del-padre","status":"publish","type":"post","link":"https:\/\/visionpeninsular.com\/mid\/300-millones-de-pesos-deja-ventas-en-el-dia-del-padre\/","title":{"rendered":"300 millones de pesos deja ventas en el d\u00eda del padre"},"content":{"rendered":"<p>La lluvia y el mal tiempo habr\u00edan mermado las ventas por el D\u00eda del Padre en Yucat\u00e1n, aunque los comerciantes se dijeron satisfechos por las ventas en este festejo.<\/p>\n<p>Juan Jos\u00e9 Abraham Daguer, presidente de la C\u00e1mara de Comercio de M\u00e9rida (Canaco), indic\u00f3 que la lluvia de ayer alej\u00f3 a una parte de los compradores de los establecimientos, aunque se dijo confiado en que se alcanzar\u00eda la meta fijada para este d\u00eda en cuanto a ventas.<\/p>\n<p>\u201cTenemos reportes de restaurantes llenos y con mucha afluencia de gente en las plazas, aunque la lluvia si nos afect\u00f3 un poco. Estamos seguros de que se alcanz\u00f3 el cinco por ciento de incremento con respecto al a\u00f1o pasado\u201d, refiri\u00f3.<\/p>\n<p>Record\u00f3 que para este D\u00eda del Padre, los comerciantes estimaron ventas que rebasar\u00edan los 300 millones de pesos, cifra que refiri\u00f3, se pudo haber concretado ayer, aunque dijo que en unos d\u00edas m\u00e1s se tendr\u00e1 el resultado final.<\/p>\n<p>Apunt\u00f3 que esta festividad cada vez adquiere mayor auge en cuanto a consumo por parte de las personas por lo que anticip\u00f3 que esta tendr\u00eda cada vez m\u00e1s inter\u00e9s en ser promovida por los comerciantes.-<\/p>\n<p>Fuente: Reporteroshoy<\/p>\n<div class='share-to-whatsapp-wrapper'><div class='share-on-whsp'>Share on: <\/div><a data-text='300 millones de pesos deja ventas en el d\u00eda del padre' data-link='https:\/\/visionpeninsular.com\/mid\/300-millones-de-pesos-deja-ventas-en-el-dia-del-padre\/' class='whatsapp-button whatsapp-share'>WhatsApp<\/a><div class='clear '><\/div><\/div>","protected":false},"excerpt":{"rendered":"<p>La lluvia y el mal tiempo habr\u00edan mermado las ventas por el D\u00eda del Padre en Yucat\u00e1n, aunque los comerciantes se dijeron satisfechos por las ventas en este festejo. Juan Jos\u00e9 Abraham Daguer, presidente de la C\u00e1mara de Comercio de M\u00e9rida (Canaco), indic\u00f3 que la lluvia de ayer alej\u00f3 a una parte de los compradores &hellip;<\/p>\n","protected":false},"author":3,"featured_media":5848,"comment_status":"open","ping_status":"open","sticky":false,"template":"","format":"standard","meta":{"_mi_skip_tracking":false},"categories":[50,37],"tags":[1170,1246],"_links":{"self":[{"href":"https:\/\/visionpeninsular.com\/mid\/wp-json\/wp\/v2\/posts\/5847"}],"collection":[{"href":"https:\/\/visionpeninsular.com\/mid\/wp-json\/wp\/v2\/posts"}],"about":[{"href":"https:\/\/visionpeninsular.com\/mid\/wp-json\/wp\/v2\/types\/post"}],"author":[{"embeddable":true,"href":"https:\/\/visionpeninsular.com\/mid\/wp-json\/wp\/v2\/users\/3"}],"replies":[{"embeddable":true,"href":"https:\/\/visionpeninsular.com\/mid\/wp-json\/wp\/v2\/comments?post=5847"}],"version-history":[{"count":1,"href":"https:\/\/visionpeninsular.com\/mid\/wp-json\/wp\/v2\/posts\/5847\/revisions"}],"predecessor-version":[{"id":5849,"href":"https:\/\/visionpeninsular.com\/mid\/wp-json\/wp\/v2\/posts\/5847\/revisions\/5849"}],"wp:featuredmedia":[{"embeddable":true,"href":"https:\/\/visionpeninsular.com\/mid\/wp-json\/wp\/v2\/media\/5848"}],"wp:attachment":[{"href":"https:\/\/visionpeninsular.com\/mid\/wp-json\/wp\/v2\/media?parent=5847"}],"wp:term":[{"taxonomy":"category","embeddable":true,"href":"https:\/\/visionpeninsular.com\/mid\/wp-json\/wp\/v2\/categories?post=5847"},{"taxonomy":"post_tag","embeddable":true,"href":"https:\/\/visionpeninsular.com\/mid\/wp-json\/wp\/v2\/tags?post=5847"}],"curies":[{"name":"wp","href":"https:\/\/api.w.org\/{rel}","templated":true}]}}