{"id":5709,"date":"2016-06-18T06:21:28","date_gmt":"2016-06-18T11:21:28","guid":{"rendered":"http:\/\/visionpeninsular.com\/mid\/?p=5709"},"modified":"2016-06-18T06:21:28","modified_gmt":"2016-06-18T11:21:28","slug":"apertura-de-zona-restringida-en-sonda-de-campeche-aun-sin-fecha","status":"publish","type":"post","link":"https:\/\/visionpeninsular.com\/mid\/apertura-de-zona-restringida-en-sonda-de-campeche-aun-sin-fecha\/","title":{"rendered":"Apertura de zona restringida en Sonda de Campeche a\u00fan sin fecha"},"content":{"rendered":"<p>Como se recordara, el Programa de Reactivaci\u00f3n Econ\u00f3mica para Campeche contempla la apertura de 10 mil kil\u00f3metros cuadrados a la Pesca de Altura en la Sonda de Campeche, sin embargo, hasta el momento, la Capitan\u00eda de Puerto desconoce la fecha en la que se abrir\u00eda citada zona.<\/p>\n<p>Al respecto, el Capit\u00e1n del Puerto, Jos\u00e9 Florentino Gallardo, se\u00f1al\u00f3 que el primer paso ser\u00e1 publicar esta medida en el Diario Oficial de la Federaci\u00f3n.<\/p>\n<p>Cabe mencionar que estos 10 mil kil\u00f3metros a abrirse corresponde a parte de la zona restringida de Petr\u00f3leos Mexicanos en las aguas del Estado, que ser\u00eda abiertas a la pesca y as\u00ed permitir derrama econ\u00f3mica en este sector de la Entidad. <\/p>\n<p>Asimismo, Dulce Cervera Cetina, titular de la Secretar\u00eda Estatal de Pesca, indic\u00f3 que tambi\u00e9n ellos como dependencia desconocen la fecha en la que ser\u00eda abierta la zona a la pesca de altura, coincidiendo en que el primer paso ser\u00eda la publicaci\u00f3n correspondiente en el Diario Oficial de la Federaci\u00f3n. <\/p>\n<div class='share-to-whatsapp-wrapper'><div class='share-on-whsp'>Share on: <\/div><a data-text='Apertura de zona restringida en Sonda de Campeche a\u00fan sin fecha' data-link='https:\/\/visionpeninsular.com\/mid\/apertura-de-zona-restringida-en-sonda-de-campeche-aun-sin-fecha\/' class='whatsapp-button whatsapp-share'>WhatsApp<\/a><div class='clear '><\/div><\/div>","protected":false},"excerpt":{"rendered":"<p>Como se recordara, el Programa de Reactivaci\u00f3n Econ\u00f3mica para Campeche contempla la apertura de 10 mil kil\u00f3metros cuadrados a la Pesca de Altura en la Sonda de Campeche, sin embargo, hasta el momento, la Capitan\u00eda de Puerto desconoce la fecha en la que se abrir\u00eda citada zona. Al respecto, el Capit\u00e1n del Puerto, Jos\u00e9 Florentino &hellip;<\/p>\n","protected":false},"author":1,"featured_media":5710,"comment_status":"open","ping_status":"open","sticky":false,"template":"","format":"standard","meta":{"_mi_skip_tracking":false},"categories":[45],"tags":[79,1224],"_links":{"self":[{"href":"https:\/\/visionpeninsular.com\/mid\/wp-json\/wp\/v2\/posts\/5709"}],"collection":[{"href":"https:\/\/visionpeninsular.com\/mid\/wp-json\/wp\/v2\/posts"}],"about":[{"href":"https:\/\/visionpeninsular.com\/mid\/wp-json\/wp\/v2\/types\/post"}],"author":[{"embeddable":true,"href":"https:\/\/visionpeninsular.com\/mid\/wp-json\/wp\/v2\/users\/1"}],"replies":[{"embeddable":true,"href":"https:\/\/visionpeninsular.com\/mid\/wp-json\/wp\/v2\/comments?post=5709"}],"version-history":[{"count":1,"href":"https:\/\/visionpeninsular.com\/mid\/wp-json\/wp\/v2\/posts\/5709\/revisions"}],"predecessor-version":[{"id":5711,"href":"https:\/\/visionpeninsular.com\/mid\/wp-json\/wp\/v2\/posts\/5709\/revisions\/5711"}],"wp:featuredmedia":[{"embeddable":true,"href":"https:\/\/visionpeninsular.com\/mid\/wp-json\/wp\/v2\/media\/5710"}],"wp:attachment":[{"href":"https:\/\/visionpeninsular.com\/mid\/wp-json\/wp\/v2\/media?parent=5709"}],"wp:term":[{"taxonomy":"category","embeddable":true,"href":"https:\/\/visionpeninsular.com\/mid\/wp-json\/wp\/v2\/categories?post=5709"},{"taxonomy":"post_tag","embeddable":true,"href":"https:\/\/visionpeninsular.com\/mid\/wp-json\/wp\/v2\/tags?post=5709"}],"curies":[{"name":"wp","href":"https:\/\/api.w.org\/{rel}","templated":true}]}}