{"id":5706,"date":"2016-06-18T06:07:29","date_gmt":"2016-06-18T11:07:29","guid":{"rendered":"http:\/\/visionpeninsular.com\/mid\/?p=5706"},"modified":"2016-06-18T06:07:29","modified_gmt":"2016-06-18T11:07:29","slug":"campeche-le-invertira-a-la-educacion-por-el-presente-y-futuro-del-estado-amc","status":"publish","type":"post","link":"https:\/\/visionpeninsular.com\/mid\/campeche-le-invertira-a-la-educacion-por-el-presente-y-futuro-del-estado-amc\/","title":{"rendered":"Campeche le invertir\u00e1 a la educaci\u00f3n por el presente y futuro del Estado: AMC"},"content":{"rendered":"<p>\u00c9ste gobierno le va a invertir a la educaci\u00f3n y de manera muy especial al nivel medio superior y superior, explic\u00f3 el Gobernador del Estado, Alejandro Moreno C\u00e1rdenas.<\/p>\n<p>Quien agreg\u00f3 que esto debido a que la educaci\u00f3n es parte fundamental del desarrollo por su contribuci\u00f3n al crecimiento. <\/p>\n<p>\u201cPor eso, en mi gobierno les estamos poniendo todo el \u00e1nimo, el compromiso y el respaldo que la educaci\u00f3n requiere\u201d, enfatiz\u00f3 el mandatario.<\/p>\n<p>En este sentido, indic\u00f3 que en Campeche el tema de la Educaci\u00f3n va por bueno camino ya que se trabaja en equipo con el Gobierno Federal y Municipal para que el Estado vaya a la vanguardia en el tema. <\/p>\n<p>En cuanto a la educaci\u00f3n media superior y superior, explic\u00f3 la importancia que tanto docentes, como padres de familia y dem\u00e1s sumen esfuerzos para motivar e incentivar a los j\u00f3venes de la Entidad. <\/p>\n<p>A modo de conclusi\u00f3n, Moreno C\u00e1rdenas externo su compromiso por invertir en Educaci\u00f3n, aclarando que \u00e9sto ser\u00e1 en beneficio del presente y futuro de Campeche y de todo el Pa\u00eds, concluy\u00f3. <\/p>\n<div class='share-to-whatsapp-wrapper'><div class='share-on-whsp'>Share on: <\/div><a data-text='Campeche le invertir\u00e1 a la educaci\u00f3n por el presente y futuro del Estado: AMC' data-link='https:\/\/visionpeninsular.com\/mid\/campeche-le-invertira-a-la-educacion-por-el-presente-y-futuro-del-estado-amc\/' class='whatsapp-button whatsapp-share'>WhatsApp<\/a><div class='clear '><\/div><\/div>","protected":false},"excerpt":{"rendered":"<p>\u00c9ste gobierno le va a invertir a la educaci\u00f3n y de manera muy especial al nivel medio superior y superior, explic\u00f3 el Gobernador del Estado, Alejandro Moreno C\u00e1rdenas. Quien agreg\u00f3 que esto debido a que la educaci\u00f3n es parte fundamental del desarrollo por su contribuci\u00f3n al crecimiento. \u201cPor eso, en mi gobierno les estamos poniendo &hellip;<\/p>\n","protected":false},"author":1,"featured_media":5707,"comment_status":"open","ping_status":"open","sticky":false,"template":"","format":"standard","meta":{"_mi_skip_tracking":false},"categories":[45],"tags":[182,55],"_links":{"self":[{"href":"https:\/\/visionpeninsular.com\/mid\/wp-json\/wp\/v2\/posts\/5706"}],"collection":[{"href":"https:\/\/visionpeninsular.com\/mid\/wp-json\/wp\/v2\/posts"}],"about":[{"href":"https:\/\/visionpeninsular.com\/mid\/wp-json\/wp\/v2\/types\/post"}],"author":[{"embeddable":true,"href":"https:\/\/visionpeninsular.com\/mid\/wp-json\/wp\/v2\/users\/1"}],"replies":[{"embeddable":true,"href":"https:\/\/visionpeninsular.com\/mid\/wp-json\/wp\/v2\/comments?post=5706"}],"version-history":[{"count":1,"href":"https:\/\/visionpeninsular.com\/mid\/wp-json\/wp\/v2\/posts\/5706\/revisions"}],"predecessor-version":[{"id":5708,"href":"https:\/\/visionpeninsular.com\/mid\/wp-json\/wp\/v2\/posts\/5706\/revisions\/5708"}],"wp:featuredmedia":[{"embeddable":true,"href":"https:\/\/visionpeninsular.com\/mid\/wp-json\/wp\/v2\/media\/5707"}],"wp:attachment":[{"href":"https:\/\/visionpeninsular.com\/mid\/wp-json\/wp\/v2\/media?parent=5706"}],"wp:term":[{"taxonomy":"category","embeddable":true,"href":"https:\/\/visionpeninsular.com\/mid\/wp-json\/wp\/v2\/categories?post=5706"},{"taxonomy":"post_tag","embeddable":true,"href":"https:\/\/visionpeninsular.com\/mid\/wp-json\/wp\/v2\/tags?post=5706"}],"curies":[{"name":"wp","href":"https:\/\/api.w.org\/{rel}","templated":true}]}}