{"id":5672,"date":"2016-06-17T07:10:43","date_gmt":"2016-06-17T12:10:43","guid":{"rendered":"http:\/\/visionpeninsular.com\/mid\/?p=5672"},"modified":"2016-06-17T07:10:43","modified_gmt":"2016-06-17T12:10:43","slug":"taxistas-de-uber-anuncian-que-se-organizaran-para-echar-abajo-reformas-a-la-ley-en-transporte-de-yucatan","status":"publish","type":"post","link":"https:\/\/visionpeninsular.com\/mid\/taxistas-de-uber-anuncian-que-se-organizaran-para-echar-abajo-reformas-a-la-ley-en-transporte-de-yucatan\/","title":{"rendered":"Taxistas de Uber anuncian que se organizaran para echar abajo reformas a la Ley en Transporte de Yucat\u00e1n"},"content":{"rendered":"<p><strong>(ACOM).-<\/strong>Los choferes Jos\u00e9 Gonz\u00e1lez, Fabio Vargas Rodr\u00edguez y Nicol\u00e1s Mart\u00ednez Aguilar, todos socios de Uber, afirmaron que agotar\u00e1n todas las instancias legales a su alcance para echar abajo los alcances de la reforma a la Ley de Transporte en Yucat\u00e1n, aprobada el martes pasado en el Congreso local.<\/p>\n<p>En rueda de prensa en un restaurante de Francisco de Montejo, los guiadores indicaron que ya analizan la posibilidad de interponer un recurso ante la Suprema Corte de Justicia, aunque pidieron al Gobierno estatal que se reforme la ley \u201cpara que no sea solo el due\u00f1o del veh\u00edculo quien lo maneje\u201d<\/p>\n<p>\u201cEstamos a favor tambi\u00e9n de que no se establezca costo del veh\u00edculo, junto con el del due\u00f1o, son los dos puntos les preocupa m\u00e1s\u201d, admiti\u00f3 Fabio Vargas.<\/p>\n<p>Empero, los choferes aceptaron que no conocen bien de la reforma a ley y sus t\u00e9rminos jur\u00eddicos, algo  que reconocieron abiertamente.<\/p>\n<p>Se\u00f1alaron que hace unos d\u00edas se reunieron con el subsecretario de gobierno, Gaspar Quintal Parra, quien se comprometi\u00f3 a resolverles esta situaci\u00f3n lo m\u00e1s pronto posible para evitar m\u00e1s conflictos y manifestaciones.<\/p>\n<p>Adelantaron que pese a que el funcionario les anticip\u00f3 que este d\u00eda habr\u00eda un posicionamiento por parte del Ejecutivo en torno a este tema, ma\u00f1ana se reunir\u00e1n de nuevo con este aunque dijeron no saber la hora.<\/p>\n<p>Lo que si advirtieron es que el s\u00e1bado realizar\u00e1n una caravana en horario y lugares a\u00fan por definir con varios guiadores de Uber.<\/p>\n<p>\u201cConfiamos en el Gobierno porque est\u00e1n en juego dos mil plazas de trabajo y estamos seguros de que nos apoyar\u00e1n con esta medida\u201d, dijeron.<\/p>\n<p>Desde hace varios d\u00edas, los choferes de Uber han efectuado varias campa\u00f1as en contra de la iniciativa que parecen haber generado simpat\u00eda en los ciudadanos.-<\/p>\n<div class='share-to-whatsapp-wrapper'><div class='share-on-whsp'>Share on: <\/div><a data-text='Taxistas de Uber anuncian que se organizaran para echar abajo reformas a la Ley en Transporte de Yucat\u00e1n' data-link='https:\/\/visionpeninsular.com\/mid\/taxistas-de-uber-anuncian-que-se-organizaran-para-echar-abajo-reformas-a-la-ley-en-transporte-de-yucatan\/' class='whatsapp-button whatsapp-share'>WhatsApp<\/a><div class='clear '><\/div><\/div>","protected":false},"excerpt":{"rendered":"<p>(ACOM).-Los choferes Jos\u00e9 Gonz\u00e1lez, Fabio Vargas Rodr\u00edguez y Nicol\u00e1s Mart\u00ednez Aguilar, todos socios de Uber, afirmaron que agotar\u00e1n todas las instancias legales a su alcance para echar abajo los alcances de la reforma a la Ley de Transporte en Yucat\u00e1n, aprobada el martes pasado en el Congreso local. En rueda de prensa en un restaurante &hellip;<\/p>\n","protected":false},"author":1,"featured_media":5673,"comment_status":"open","ping_status":"open","sticky":false,"template":"","format":"standard","meta":{"_mi_skip_tracking":false},"categories":[50],"tags":[922,207],"_links":{"self":[{"href":"https:\/\/visionpeninsular.com\/mid\/wp-json\/wp\/v2\/posts\/5672"}],"collection":[{"href":"https:\/\/visionpeninsular.com\/mid\/wp-json\/wp\/v2\/posts"}],"about":[{"href":"https:\/\/visionpeninsular.com\/mid\/wp-json\/wp\/v2\/types\/post"}],"author":[{"embeddable":true,"href":"https:\/\/visionpeninsular.com\/mid\/wp-json\/wp\/v2\/users\/1"}],"replies":[{"embeddable":true,"href":"https:\/\/visionpeninsular.com\/mid\/wp-json\/wp\/v2\/comments?post=5672"}],"version-history":[{"count":1,"href":"https:\/\/visionpeninsular.com\/mid\/wp-json\/wp\/v2\/posts\/5672\/revisions"}],"predecessor-version":[{"id":5674,"href":"https:\/\/visionpeninsular.com\/mid\/wp-json\/wp\/v2\/posts\/5672\/revisions\/5674"}],"wp:featuredmedia":[{"embeddable":true,"href":"https:\/\/visionpeninsular.com\/mid\/wp-json\/wp\/v2\/media\/5673"}],"wp:attachment":[{"href":"https:\/\/visionpeninsular.com\/mid\/wp-json\/wp\/v2\/media?parent=5672"}],"wp:term":[{"taxonomy":"category","embeddable":true,"href":"https:\/\/visionpeninsular.com\/mid\/wp-json\/wp\/v2\/categories?post=5672"},{"taxonomy":"post_tag","embeddable":true,"href":"https:\/\/visionpeninsular.com\/mid\/wp-json\/wp\/v2\/tags?post=5672"}],"curies":[{"name":"wp","href":"https:\/\/api.w.org\/{rel}","templated":true}]}}