{"id":56284,"date":"2019-01-07T07:23:26","date_gmt":"2019-01-07T13:23:26","guid":{"rendered":"http:\/\/visionpeninsular.com\/mid\/?p=56284"},"modified":"2019-01-07T07:23:32","modified_gmt":"2019-01-07T13:23:32","slug":"concluye-primer-periodo-vacacional-del-ciclo-escolar-2018-2019-en-campeche","status":"publish","type":"post","link":"https:\/\/visionpeninsular.com\/mid\/concluye-primer-periodo-vacacional-del-ciclo-escolar-2018-2019-en-campeche\/","title":{"rendered":"Concluye primer periodo vacacional del ciclo escolar 2018-2019 en Campeche"},"content":{"rendered":"\n<p> Luego de gozar casi de dos semanas sin clases, m\u00e1s de 250 mil  estudiantes de toda la geograf\u00eda estatal, retornar\u00e1n este lunes a sus  centros educativos, al concluir el primer periodo vacacional del ciclo  escolar 2018-2019. <\/p>\n\n\n\n<p>Las vacaciones decembrinas llegaron a su fin con la llegada de los \nReyes Magos, ahora los ni\u00f1os campechanos tendr\u00e1n que levantarse a \ntemprana hora, uniformarse y cargar sus mochilas para continuar con la \nrutina escolar y encontrarse con sus maestros y compa\u00f1eros de clases.<\/p>\n\n\n\n<p>Seguramente algunos ni\u00f1os estar\u00e1n felices de regresar a sus escuelas  para fortalecer sus conocimientos y otros estar\u00e1n tristes de que ya no  podr\u00e1n estar en sus casas jugando con sus juguetes nuevos.Los padres de  familia desde un d\u00eda antes empezaron a buscar los uniformes de los  peque\u00f1os y plancharlos, as\u00ed como, verificar que libros y \u00fatiles  escolares est\u00e9n en orden.<\/p>\n\n\n\n<p> De acuerdo a la Secretar\u00eda de Educaci\u00f3n (Seduc), 187 mil 100 alumnos  regresar\u00e1n a las aulas de los niveles de preescolar, primaria y  secundaria; 40 mil 540 de media superior y 31 mil 888 de superior, as\u00ed  como, tambi\u00e9n, poco m\u00e1s de 15 mil docentes, para continuar con los  planes y programas de estudio, para dar paso a la segunda parte del  ciclo lectivo correspondiente. <\/p>\n\n\n\n<p>\nA partir de hoy el tr\u00e1nsito dentro de la ciudad ser\u00e1 complicado, sobre \ntodo, en las principales avenidas y calles aleda\u00f1as a los planteles \neducativos, por lo cual, se hace un llamado a la poblaci\u00f3n en general de\n tomar sus precauciones al momento de salir de sus hogares, ya que \ndespu\u00e9s de algunos d\u00edas de asueto, el tr\u00e1fico vehicular se prolongar\u00e1 a \nla hora de entrada y salida de los alumnos.\n\n<\/p>\n<div class='share-to-whatsapp-wrapper'><div class='share-on-whsp'>Share on: <\/div><a data-text='Concluye primer periodo vacacional del ciclo escolar 2018-2019 en Campeche' data-link='https:\/\/visionpeninsular.com\/mid\/concluye-primer-periodo-vacacional-del-ciclo-escolar-2018-2019-en-campeche\/' class='whatsapp-button whatsapp-share'>WhatsApp<\/a><div class='clear '><\/div><\/div>","protected":false},"excerpt":{"rendered":"<p>Luego de gozar casi de dos semanas sin clases, m\u00e1s de 250 mil estudiantes de toda la geograf\u00eda estatal, retornar\u00e1n este lunes a sus centros educativos, al concluir el primer periodo vacacional del ciclo escolar 2018-2019. Las vacaciones decembrinas llegaron a su fin con la llegada de los Reyes Magos, ahora los ni\u00f1os campechanos tendr\u00e1n &hellip;<\/p>\n","protected":false},"author":1,"featured_media":56293,"comment_status":"open","ping_status":"open","sticky":false,"template":"","format":"standard","meta":{"_mi_skip_tracking":false},"categories":[46],"tags":[13998],"_links":{"self":[{"href":"https:\/\/visionpeninsular.com\/mid\/wp-json\/wp\/v2\/posts\/56284"}],"collection":[{"href":"https:\/\/visionpeninsular.com\/mid\/wp-json\/wp\/v2\/posts"}],"about":[{"href":"https:\/\/visionpeninsular.com\/mid\/wp-json\/wp\/v2\/types\/post"}],"author":[{"embeddable":true,"href":"https:\/\/visionpeninsular.com\/mid\/wp-json\/wp\/v2\/users\/1"}],"replies":[{"embeddable":true,"href":"https:\/\/visionpeninsular.com\/mid\/wp-json\/wp\/v2\/comments?post=56284"}],"version-history":[{"count":1,"href":"https:\/\/visionpeninsular.com\/mid\/wp-json\/wp\/v2\/posts\/56284\/revisions"}],"predecessor-version":[{"id":56294,"href":"https:\/\/visionpeninsular.com\/mid\/wp-json\/wp\/v2\/posts\/56284\/revisions\/56294"}],"wp:featuredmedia":[{"embeddable":true,"href":"https:\/\/visionpeninsular.com\/mid\/wp-json\/wp\/v2\/media\/56293"}],"wp:attachment":[{"href":"https:\/\/visionpeninsular.com\/mid\/wp-json\/wp\/v2\/media?parent=56284"}],"wp:term":[{"taxonomy":"category","embeddable":true,"href":"https:\/\/visionpeninsular.com\/mid\/wp-json\/wp\/v2\/categories?post=56284"},{"taxonomy":"post_tag","embeddable":true,"href":"https:\/\/visionpeninsular.com\/mid\/wp-json\/wp\/v2\/tags?post=56284"}],"curies":[{"name":"wp","href":"https:\/\/api.w.org\/{rel}","templated":true}]}}