{"id":54837,"date":"2019-01-02T04:30:17","date_gmt":"2019-01-02T10:30:17","guid":{"rendered":"http:\/\/visionpeninsular.com\/mid\/?p=54837"},"modified":"2019-01-01T23:25:07","modified_gmt":"2019-01-02T05:25:07","slug":"jose-de-jesus-williams-sera-rector-de-la-uady-cuatro-anos-mas","status":"publish","type":"post","link":"https:\/\/visionpeninsular.com\/mid\/jose-de-jesus-williams-sera-rector-de-la-uady-cuatro-anos-mas\/","title":{"rendered":"Jos\u00e9 de Jes\u00fas Williams ser\u00e1 rector de la UADY cuatro a\u00f1os m\u00e1s"},"content":{"rendered":"\n<p>Al rendir protesta como rector de la Universidad Aut\u00f3noma de\nYucat\u00e1n (UADY) para el per\u00edodo 2019-2022, el doctor Jos\u00e9 de Jes\u00fas Williams defini\u00f3\nante los integrantes del XXVII Consejo Universitario, reunidos en el Auditorio\n\u201cManuel Cepeda Peraza\u201d del Edificio Central de esta casa de estudios, los ejes\nque articular\u00e1n el rumbo de la instituci\u00f3n para responder a los retos que\nimponen los cambios sociales, econ\u00f3micos, pol\u00edticos y culturales de este siglo,\n&nbsp;destacando que la universidad debe tener\nun papel activo y din\u00e1mico en los procesos de cambio, \u201cas\u00ed como aportar\niniciativas oportunas y relevantes para superar problem\u00e1ticas del desarrollo\nsocial y econ\u00f3mico de la entidad, la regi\u00f3n, el pa\u00eds y el mundo\u201d.<\/p>\n\n\n\n<p>Subray\u00f3 que estamos inmersos en la Cuarta Revoluci\u00f3n\nIndustrial, que implica una nueva forma de organizar los sistemas de\nproducci\u00f3n, toda vez que \u00e9sta se caracteriza por \u201cla completa digitalizaci\u00f3n de\nla cadena de valor\u201d, y que estamos ante la necesidad de conseguir un futuro\nsostenible para todos, a partir del avance en el logro de los objetivos de\nDesarrollo Sostenible, de los cuales destac\u00f3 el cuarto: \u201cGarantizar una\neducaci\u00f3n inclusiva, equitativa y de calidad y promover oportunidades de\naprendizaje durante toda la vida para todos\u201d.<\/p>\n\n\n\n<p>Durante su mensaje, en presencia del gobernador, Mauricio\nVila Dosal, el Rector hizo un reconocimiento a los universitarios con quienes,\na lo largo de los \u00faltimos cuatro a\u00f1os, &nbsp;ha\nestablecido un di\u00e1logo abierto y permanente, en el que se presentaron\nresultados y avances que se lograron en conjunto.<\/p>\n\n\n\n<p>\u201cEstoy convencido que si queremos llegar lejos s\u00f3lo se logra\nen equipo, y hoy nos tenemos que atrever a afrontar grandes retos, porque\ntenemos el talento, capacidad, creatividad, dedicaci\u00f3n, responsabilidad y\ncompromiso de nuestros estudiantes, del personal acad\u00e9mico, directivo,\nadministrativo y manual\u201d, afirm\u00f3 Jos\u00e9 Williams.<\/p>\n\n\n\n<p>Uno de los &nbsp;objetivos\nque mencion\u00f3 es el de lograr el reconocimiento de la Universidad como una\ninstituci\u00f3n de prestigio, de alta calidad reconocida nacional e\ninternacionalmente y ser referente de consulta de los sectores p\u00fablico, social\ny empresarial de la entidad, para lo cual el rector anunci\u00f3 continuar con la\nimplementaci\u00f3n de agendas estrat\u00e9gicas en las cuales se establezcan claramente\ntareas que desarrollar y las metas urgentes de cumplir-<\/p>\n\n\n\n<p>La primera agenda estrat\u00e9gica en esta nueva administraci\u00f3n,\ndijo, se realizar\u00e1 de enero a julio de 2019, con acciones como establecer el\nPrograma de Equidad e Inclusi\u00f3n Institucional; ofrecer los primeros dos\nprogramas educativos de licenciatura en modalidad virtual para el ciclo\nescolar; elaborar el Plan de Desarrollo Institucional 2019-2030, tomando en\nconsideraci\u00f3n los cambios del contexto interno y externo de la Universidad;\nreforzar la pol\u00edtica de ahorro y eficiencia del gasto, entre otras metas.<\/p>\n\n\n\n<p>\u201cEs claro que la tarea que tenemos adelante es compleja pero\nfactible; requiere del esfuerzo decidido del Rector y de todos sus\ncolaboradores, y a ello estamos comprometidos, aunque no es suficiente, se\nrequiere adem\u00e1s del empe\u00f1o, inteligencia y creatividad de todos los\nuniversitarios; los invito a hacer suyos los objetivos se\u00f1alados y a participar\ngenerando iniciativas que contribuyan a enriquecer permanentemente las tareas\nque tenemos encomendadas\u201d, remarc\u00f3 el Rector Williams.<\/p>\n\n\n\n<p>Al concluir la sesi\u00f3n, el rector dio a conocer sus\ncolaboradores m\u00e1s cercanos: Celia Rosado Avil\u00e9s, Secretaria General; Elsy Mezo\nPalma, Directora de Planeaci\u00f3n y Efectividad Institucional; Ren\u00e1n Sol\u00eds\nS\u00e1nchez, Abogado General; Carlos Estrada Pinto, Director General de Desarrollo\nAcad\u00e9mico y Manuel Escoffi\u00e9 Aguilar, Director General de Finanzas y Administraci\u00f3n.<\/p>\n<div class='share-to-whatsapp-wrapper'><div class='share-on-whsp'>Share on: <\/div><a data-text='Jos\u00e9 de Jes\u00fas Williams ser\u00e1 rector de la UADY cuatro a\u00f1os m\u00e1s' data-link='https:\/\/visionpeninsular.com\/mid\/jose-de-jesus-williams-sera-rector-de-la-uady-cuatro-anos-mas\/' class='whatsapp-button whatsapp-share'>WhatsApp<\/a><div class='clear '><\/div><\/div>","protected":false},"excerpt":{"rendered":"<p>Al rendir protesta como rector de la Universidad Aut\u00f3noma de Yucat\u00e1n (UADY) para el per\u00edodo 2019-2022, el doctor Jos\u00e9 de Jes\u00fas Williams defini\u00f3 ante los integrantes del XXVII Consejo Universitario, reunidos en el Auditorio \u201cManuel Cepeda Peraza\u201d del Edificio Central de esta casa de estudios, los ejes que articular\u00e1n el rumbo de la instituci\u00f3n para &hellip;<\/p>\n","protected":false},"author":5,"featured_media":54846,"comment_status":"open","ping_status":"open","sticky":false,"template":"","format":"standard","meta":{"_mi_skip_tracking":false},"categories":[50,37],"tags":[12392,13923,3861,13922,448],"_links":{"self":[{"href":"https:\/\/visionpeninsular.com\/mid\/wp-json\/wp\/v2\/posts\/54837"}],"collection":[{"href":"https:\/\/visionpeninsular.com\/mid\/wp-json\/wp\/v2\/posts"}],"about":[{"href":"https:\/\/visionpeninsular.com\/mid\/wp-json\/wp\/v2\/types\/post"}],"author":[{"embeddable":true,"href":"https:\/\/visionpeninsular.com\/mid\/wp-json\/wp\/v2\/users\/5"}],"replies":[{"embeddable":true,"href":"https:\/\/visionpeninsular.com\/mid\/wp-json\/wp\/v2\/comments?post=54837"}],"version-history":[{"count":1,"href":"https:\/\/visionpeninsular.com\/mid\/wp-json\/wp\/v2\/posts\/54837\/revisions"}],"predecessor-version":[{"id":54847,"href":"https:\/\/visionpeninsular.com\/mid\/wp-json\/wp\/v2\/posts\/54837\/revisions\/54847"}],"wp:featuredmedia":[{"embeddable":true,"href":"https:\/\/visionpeninsular.com\/mid\/wp-json\/wp\/v2\/media\/54846"}],"wp:attachment":[{"href":"https:\/\/visionpeninsular.com\/mid\/wp-json\/wp\/v2\/media?parent=54837"}],"wp:term":[{"taxonomy":"category","embeddable":true,"href":"https:\/\/visionpeninsular.com\/mid\/wp-json\/wp\/v2\/categories?post=54837"},{"taxonomy":"post_tag","embeddable":true,"href":"https:\/\/visionpeninsular.com\/mid\/wp-json\/wp\/v2\/tags?post=54837"}],"curies":[{"name":"wp","href":"https:\/\/api.w.org\/{rel}","templated":true}]}}