{"id":54052,"date":"2018-12-30T12:43:50","date_gmt":"2018-12-30T18:43:50","guid":{"rendered":"http:\/\/visionpeninsular.com\/mid\/?p=54052"},"modified":"2018-12-30T12:44:01","modified_gmt":"2018-12-30T18:44:01","slug":"confirman-que-la-mujer-llego-muerta-centro-de-salud-de-progreso","status":"publish","type":"post","link":"https:\/\/visionpeninsular.com\/mid\/confirman-que-la-mujer-llego-muerta-centro-de-salud-de-progreso\/","title":{"rendered":"Confirman que la mujer lleg\u00f3 muerta a Centro de Salud de Progreso"},"content":{"rendered":"\n<p>Las primeras investigaciones sobre la mujer muerta en el\nCentro de Salud del puerto de Progreso, arrojaron que \u00e9sta lleg\u00f3 sin vida a\ndicho centro; fue trasladada por dos hombres en una camioneta blanca de redilas\npor la que se introdujeron al estacionamiento de Urgencias, la depositaron en\nuna camilla y mencionaron ir a \u201cbuscar estacionamiento\u201d, pero se dieron a la\nfuga abandonando el cuerpo.<\/p>\n\n\n\n<p>La v\u00edctima, &nbsp;una mujer\nde aproximadamente 35 a\u00f1os, a\u00fan no ha sido identificada; el m\u00e9dico que atendi\u00f3\nel caso &nbsp;corrobor\u00f3 que la mujer estaba muerta&nbsp; con &nbsp;una herida en el cuello y &nbsp;huellas de ahorcamiento.<\/p>\n\n\n\n<p>Lo anterior motiv\u00f3 el aviso a la Polic\u00eda Municipal\nCoordinada, cuyos elementos notificaron lo ocurrido a la Secretar\u00eda de\nSeguridad P\u00fablica (SSP), llegando al lugar personal de la Polic\u00eda Estatal\nInvestigadora (PEI), al igual que del Servicio M\u00e9dico Forense y Criminal\u00edstica.<\/p>\n\n\n\n<p>Las autoridades hicieron el traslado del cuerpo a la ciudad\nde M\u00e9rida para las diligencias correspondientes; los elementos de seguridad de\nla PEI verifican las c\u00e1maras de seguridad &nbsp;del Centro de Salud para identificar a las\npersonas y el veh\u00edculo que traslad\u00f3 a la v\u00edctima al nosocomio.<\/p>\n<div class='share-to-whatsapp-wrapper'><div class='share-on-whsp'>Share on: <\/div><a data-text='Confirman que la mujer lleg\u00f3 muerta a Centro de Salud de Progreso' data-link='https:\/\/visionpeninsular.com\/mid\/confirman-que-la-mujer-llego-muerta-centro-de-salud-de-progreso\/' class='whatsapp-button whatsapp-share'>WhatsApp<\/a><div class='clear '><\/div><\/div>","protected":false},"excerpt":{"rendered":"<p>Las primeras investigaciones sobre la mujer muerta en el Centro de Salud del puerto de Progreso, arrojaron que \u00e9sta lleg\u00f3 sin vida a dicho centro; fue trasladada por dos hombres en una camioneta blanca de redilas por la que se introdujeron al estacionamiento de Urgencias, la depositaron en una camilla y mencionaron ir a \u201cbuscar &hellip;<\/p>\n","protected":false},"author":5,"featured_media":54061,"comment_status":"open","ping_status":"open","sticky":false,"template":"","format":"standard","meta":{"_mi_skip_tracking":false},"categories":[50,37],"tags":[13866,13865,3428,752],"_links":{"self":[{"href":"https:\/\/visionpeninsular.com\/mid\/wp-json\/wp\/v2\/posts\/54052"}],"collection":[{"href":"https:\/\/visionpeninsular.com\/mid\/wp-json\/wp\/v2\/posts"}],"about":[{"href":"https:\/\/visionpeninsular.com\/mid\/wp-json\/wp\/v2\/types\/post"}],"author":[{"embeddable":true,"href":"https:\/\/visionpeninsular.com\/mid\/wp-json\/wp\/v2\/users\/5"}],"replies":[{"embeddable":true,"href":"https:\/\/visionpeninsular.com\/mid\/wp-json\/wp\/v2\/comments?post=54052"}],"version-history":[{"count":1,"href":"https:\/\/visionpeninsular.com\/mid\/wp-json\/wp\/v2\/posts\/54052\/revisions"}],"predecessor-version":[{"id":54062,"href":"https:\/\/visionpeninsular.com\/mid\/wp-json\/wp\/v2\/posts\/54052\/revisions\/54062"}],"wp:featuredmedia":[{"embeddable":true,"href":"https:\/\/visionpeninsular.com\/mid\/wp-json\/wp\/v2\/media\/54061"}],"wp:attachment":[{"href":"https:\/\/visionpeninsular.com\/mid\/wp-json\/wp\/v2\/media?parent=54052"}],"wp:term":[{"taxonomy":"category","embeddable":true,"href":"https:\/\/visionpeninsular.com\/mid\/wp-json\/wp\/v2\/categories?post=54052"},{"taxonomy":"post_tag","embeddable":true,"href":"https:\/\/visionpeninsular.com\/mid\/wp-json\/wp\/v2\/tags?post=54052"}],"curies":[{"name":"wp","href":"https:\/\/api.w.org\/{rel}","templated":true}]}}