{"id":5398,"date":"2016-06-14T17:40:41","date_gmt":"2016-06-14T22:40:41","guid":{"rendered":"http:\/\/visionpeninsular.com\/mid\/?p=5398"},"modified":"2016-06-14T17:40:41","modified_gmt":"2016-06-14T22:40:41","slug":"el-congreso-recibe-la-solicitud-para-retirar-la-iniciativa-al-cobro-del-10-de-impuesto-a-uber","status":"publish","type":"post","link":"https:\/\/visionpeninsular.com\/mid\/el-congreso-recibe-la-solicitud-para-retirar-la-iniciativa-al-cobro-del-10-de-impuesto-a-uber\/","title":{"rendered":"El Congreso recibe la solicitud para retirar la iniciativa al cobro del 10% de impuesto a Uber"},"content":{"rendered":"<p style=\"line-height: 18.0pt;background: white;vertical-align: baseline;margin: 0cm 0cm 9.75pt 0cm\"><span style=\"font-family: 'Arial',sans-serif\">El Congreso del Estado recibi\u00f3 la solicitud para retirar la iniciativa de ley que contempla el 10 por ciento al usuario del transporte v\u00eda plataformas tecnol\u00f3gicas digitales documento entregado por el secretario General de Gobierno, Roberto Rodr\u00edguez Asaf.<\/span><\/p>\n<p style=\"line-height: 18.0pt;background: white;vertical-align: baseline;text-align: start;margin: 0cm 0cm 9.75pt 0cm\"><span style=\"font-family: 'Arial',sans-serif\">Previo a la sesi\u00f3n de Pleno donde se aprob\u00f3 por mayor\u00eda las reformas a la Ley de Transporte del Estado que regulan el servicio de transporte v\u00eda plataformas digitales, el secretario general del Legislativo, Mart\u00edn Chuc Pereira fue el encargado de recibir el documento firmado por el gobernador Rolando Zapata Bello.<\/span><\/p>\n<p style=\"line-height: 18.0pt;background: white;vertical-align: baseline;text-align: start;margin: 0cm 0cm 9.75pt 0cm\"><span style=\"font-family: 'Arial',sans-serif\">El pasado 28 de mayo del a\u00f1o en curso se present\u00f3 la citada iniciativa que solicitaba modificaciones a la Ley General de Hacienda del Estado de Yucat\u00e1n y la Ley de Ingresos del Estado de Yucat\u00e1n para el ejercicio fiscal 2016, misma que se solicit\u00f3 sea retirada.<\/span><\/p>\n<p style=\"line-height: 18.0pt;background: white;vertical-align: baseline;text-align: start;margin: 0cm 0cm 9.75pt 0cm\"><span style=\"font-family: 'Arial',sans-serif\">Tras la aprobaci\u00f3n, los legisladores dieron la bienvenida a las nuevas opciones de movilidad de los ciudadanos, garantizando su seguridad.<\/span><\/p>\n<p style=\"line-height: 18.0pt;background: white;vertical-align: baseline;text-align: start;margin: 0cm 0cm 9.75pt 0cm\"><span style=\"font-family: 'Arial',sans-serif\">En tribuna, Daniel Jes\u00fas Granja Peniche (PRI) expres\u00f3 el voto a favor de su bancada y dej\u00f3 en claro que con las reformas Yucat\u00e1n le abre la puerta a UBER y todas las plataformas tecnol\u00f3gicas que legalmente quieran trabajar en el Estado.<\/span><\/p>\n<p style=\"line-height: 18.0pt;background: white;vertical-align: baseline;text-align: start;margin: 0cm 0cm 9.75pt 0cm\"><span style=\"font-family: 'Arial',sans-serif\">En ese sentido, indic\u00f3 que el Dictamen se construy\u00f3 con una fusi\u00f3n de las iniciativas que en la materia presentaron el Ejecutivo Estatal y la Fracci\u00f3n Parlamentaria del PAN, adem\u00e1s de que se escucharon las propuestas de los representantes del PRD, PVEM, PANAL y MORENA.<\/span><\/p>\n<p style=\"line-height: 18.0pt;background: white;vertical-align: baseline;text-align: start;margin: 0cm 0cm 9.75pt 0cm\"><span style=\"font-family: 'Arial',sans-serif\">David Abelardo Barrera Zavala (PRD) manifest\u00f3 su voto a favor y coincidi\u00f3 en que para la elaboraci\u00f3n del Dictamen se recogieron los planteamientos de todos los partidos pol\u00edticos presentes en la Legislatura, para garantizar que de forma legal las plataformas tecnol\u00f3gicas puedan prestar sus servicios. Raz\u00f3n por la que se ampli\u00f3 a siete a\u00f1os la antig\u00fcedad aceptada para los veh\u00edculos que operar\u00e1n, adem\u00e1s de que tengan un valor de 201 mil pesos como m\u00ednimo.<\/span><\/p>\n<p style=\"line-height: 18.0pt;background: white;vertical-align: baseline;text-align: start;margin: 0cm 0cm 9.75pt 0cm\"><span style=\"font-family: 'Arial',sans-serif\">Al hacer uso de la palabra, Marbellino \u00c1ngel Burgos Narv\u00e1ez (PANAL) expres\u00f3 su voto a favor e indic\u00f3 que con las reformas no se pretende inhibir el desarrollo y funcionamiento de las plataformas tecnol\u00f3gicas, adem\u00e1s de que reconoci\u00f3 el hecho de que el Ejecutivo local haya retirado la iniciativa referente al 10% de impuesto.<\/span><\/p>\n<p style=\"line-height: 18.0pt;background: white;vertical-align: baseline;text-align: start;margin: 0cm 0cm 9.75pt 0cm\"><span style=\"font-family: 'Arial',sans-serif\">Asimismo, Enrique Guillermo Febles Bauz\u00e1 (PVEM) dio a conocer su voto a favor y recalc\u00f3 que el Dictamen fue construido, partiendo de la coincidencia entre las iniciativas presentadas por el Gobierno del Estado y por la bancada del PAN con total apertura a las propuestas de las diversas fuerzas pol\u00edticas.<\/span><\/p>\n<p style=\"line-height: 18.0pt;background: white;vertical-align: baseline;text-align: start;margin: 0cm 0cm 9.75pt 0cm\"><span style=\"font-family: 'Arial',sans-serif\">Por su parte, Jazm\u00edn Yaneli Villanueva Moo (MORENA) dio a conocer su voto en contra e indic\u00f3 que debe prevalecer la democracia, pues la democracia es parte fundamental del proceso legislativo, con apertura, as\u00ed como fundamentos l\u00f3gicos y jur\u00eddicos.<\/span><\/p>\n<p style=\"line-height: 18.0pt;background: white;vertical-align: baseline;text-align: start;margin: 0cm 0cm 9.75pt 0cm\"><span style=\"font-family: 'Arial',sans-serif\">De igual forma, Ra\u00fal Paz Alonzo (PAN) manifest\u00f3 el voto en contra de su Fracci\u00f3n Parlamentaria, y se\u00f1al\u00f3 que con la solicitud, presentada por el Ejecutivo, para retirar la Iniciativa referente al impuesto del 10%, se escuch\u00f3 a la ciudadan\u00eda y se tuvo la oportunidad de rectificar.<\/span><\/p>\n<p style=\"line-height: 18.0pt;background: white;vertical-align: baseline;text-align: start;margin: 0cm 0cm 9.75pt 0cm\"><span style=\"font-family: 'Arial',sans-serif\">Jos\u00e9 El\u00edas Lixa Abimerhi (PAN), record\u00f3 que hace una semana se cumpli\u00f3 un a\u00f1o de que los actuales diputados fueron electos, adem\u00e1s de que hoy la sociedad exige autoridades apegadas a derecho.<\/span><\/p>\n<p style=\"line-height: 18.0pt;background: white;vertical-align: baseline;text-align: start;margin: 0cm 0cm 9.75pt 0cm\"><span style=\"font-family: 'Arial',sans-serif\">Tambi\u00e9n desde la Tribuna, Mar\u00eda Beatriz Zavala Peniche (PAN) refiri\u00f3 que se deben decir las cosas una y otra vez porque se hace necesario, pues la sociedad ya cambi\u00f3 y la sociedad puede decidir.<\/span><\/p>\n<p style=\"line-height: 18.0pt;background: white;vertical-align: baseline;text-align: start;margin: 0cm 0cm 9.75pt 0cm\"><span style=\"font-family: 'Arial',sans-serif\">Josu\u00e9 David Camargo Gamboa (PAN) y Ramiro Mois\u00e9s Rodr\u00edguez Brice\u00f1o (PAN), coincidieron en el derecho que tienen los usuarios para elegir el servicio que les convenga, y por ello no poner obst\u00e1culos a la libre competencia.<\/span><\/p>\n<p style=\"line-height: 18.0pt;background: white;vertical-align: baseline;text-align: start;margin: 0cm 0cm 9.75pt 0cm\"><span style=\"font-family: 'Arial',sans-serif\">Por \u00faltimo, Manuel Armando D\u00edaz Su\u00e1rez (PAN) felicit\u00f3 a los ciudadanos por su participaci\u00f3n que en torno al tema de la Iniciativa relativa al 10% de impuesto.<\/span><\/p>\n<p style=\"line-height: 18.0pt;background: white;vertical-align: baseline;text-align: start;margin: 0cm 0cm 9.75pt 0cm\"><span style=\"font-family: 'Arial',sans-serif\">En la plenaria de este d\u00eda estuvieron presentes socios de la empresa UBER, y previo a realizar la declaratoria de clausura los diputados aprobaron por unanimidad celebrar la pr\u00f3xima Sesi\u00f3n Ordinaria el martes 21 de junio a las 11 de la ma\u00f1ana.<\/span><\/p>\n<p style=\"line-height: 18.0pt;background: white;vertical-align: baseline;text-align: start;margin: 0cm 0cm 9.75pt 0cm\"><span style=\"font-family: 'Arial',sans-serif\">Integraron la Mesa Directiva, Evelio Dzib Peraza (PRI), presidente, Elizabeth Gamboa Sol\u00eds (PRI) y Josu\u00e9 David Camargo Gamboa (PAN), secretarios.<\/span><\/p>\n<div class='share-to-whatsapp-wrapper'><div class='share-on-whsp'>Share on: <\/div><a data-text='El Congreso recibe la solicitud para retirar la iniciativa al cobro del 10% de impuesto a Uber' data-link='https:\/\/visionpeninsular.com\/mid\/el-congreso-recibe-la-solicitud-para-retirar-la-iniciativa-al-cobro-del-10-de-impuesto-a-uber\/' class='whatsapp-button whatsapp-share'>WhatsApp<\/a><div class='clear '><\/div><\/div>","protected":false},"excerpt":{"rendered":"<p>El Congreso del Estado recibi\u00f3 la solicitud para retirar la iniciativa de ley que contempla el 10 por ciento al usuario del transporte v\u00eda plataformas tecnol\u00f3gicas digitales documento entregado por el secretario General de Gobierno, Roberto Rodr\u00edguez Asaf. Previo a la sesi\u00f3n de Pleno donde se aprob\u00f3 por mayor\u00eda las reformas a la Ley de &hellip;<\/p>\n","protected":false},"author":3,"featured_media":5399,"comment_status":"open","ping_status":"open","sticky":false,"template":"","format":"standard","meta":{"_mi_skip_tracking":false},"categories":[50,37],"tags":[207],"_links":{"self":[{"href":"https:\/\/visionpeninsular.com\/mid\/wp-json\/wp\/v2\/posts\/5398"}],"collection":[{"href":"https:\/\/visionpeninsular.com\/mid\/wp-json\/wp\/v2\/posts"}],"about":[{"href":"https:\/\/visionpeninsular.com\/mid\/wp-json\/wp\/v2\/types\/post"}],"author":[{"embeddable":true,"href":"https:\/\/visionpeninsular.com\/mid\/wp-json\/wp\/v2\/users\/3"}],"replies":[{"embeddable":true,"href":"https:\/\/visionpeninsular.com\/mid\/wp-json\/wp\/v2\/comments?post=5398"}],"version-history":[{"count":1,"href":"https:\/\/visionpeninsular.com\/mid\/wp-json\/wp\/v2\/posts\/5398\/revisions"}],"predecessor-version":[{"id":5400,"href":"https:\/\/visionpeninsular.com\/mid\/wp-json\/wp\/v2\/posts\/5398\/revisions\/5400"}],"wp:featuredmedia":[{"embeddable":true,"href":"https:\/\/visionpeninsular.com\/mid\/wp-json\/wp\/v2\/media\/5399"}],"wp:attachment":[{"href":"https:\/\/visionpeninsular.com\/mid\/wp-json\/wp\/v2\/media?parent=5398"}],"wp:term":[{"taxonomy":"category","embeddable":true,"href":"https:\/\/visionpeninsular.com\/mid\/wp-json\/wp\/v2\/categories?post=5398"},{"taxonomy":"post_tag","embeddable":true,"href":"https:\/\/visionpeninsular.com\/mid\/wp-json\/wp\/v2\/tags?post=5398"}],"curies":[{"name":"wp","href":"https:\/\/api.w.org\/{rel}","templated":true}]}}