{"id":53606,"date":"2018-12-28T12:27:17","date_gmt":"2018-12-28T18:27:17","guid":{"rendered":"http:\/\/visionpeninsular.com\/mid\/?p=53606"},"modified":"2018-12-28T13:07:56","modified_gmt":"2018-12-28T19:07:56","slug":"denuncian-acoso-sexual-de-chofer-de-uber","status":"publish","type":"post","link":"https:\/\/visionpeninsular.com\/mid\/denuncian-acoso-sexual-de-chofer-de-uber\/","title":{"rendered":"Denuncian acoso sexual de ch\u00f3fer de Indrive"},"content":{"rendered":"\n<p>Una usuaria de la Plataforma InDrive denunci\u00f3 anonimamente como fue v\u00edctima de acoso sexual por parte de un ch\u00f3fer de citada plataforma. <\/p>\n\n\n\n<p>De acuerdo a la denuncia, la joven indic\u00f3 que tras un rato de haber abordado el veh\u00edculo, el ch\u00f3fer de origen cubano comenz\u00f3 inicialmente a decirle que era muy bonita para luego comenzar a ense\u00f1arle fotos de sus genitales, todo sin permiso. <\/p>\n\n\n\n<p>Ante este tema, la joven decidi\u00f3 reportar en las redes sociales lo sucedido para alertar a las posibles usuarias y v\u00edctimas de este conductor, pues presuntamente tambi\u00e9n conduce para otras plataformas como Uber y Didi; adem\u00e1s de haber denunciado ante la plataforma InDrive al conductor. <\/p>\n\n\n\n<figure class=\"wp-block-image\"><img src=\"https:\/\/www.yucatanalamano.com\/wp-content\/uploads\/2018\/12\/ev-5-217x300.jpg\" alt=\"ev 5\"\/><\/figure>\n<div class='share-to-whatsapp-wrapper'><div class='share-on-whsp'>Share on: <\/div><a data-text='Denuncian acoso sexual de ch\u00f3fer de Indrive' data-link='https:\/\/visionpeninsular.com\/mid\/denuncian-acoso-sexual-de-chofer-de-uber\/' class='whatsapp-button whatsapp-share'>WhatsApp<\/a><div class='clear '><\/div><\/div>","protected":false},"excerpt":{"rendered":"<p>Una usuaria de la Plataforma InDrive denunci\u00f3 anonimamente como fue v\u00edctima de acoso sexual por parte de un ch\u00f3fer de citada plataforma. De acuerdo a la denuncia, la joven indic\u00f3 que tras un rato de haber abordado el veh\u00edculo, el ch\u00f3fer de origen cubano comenz\u00f3 inicialmente a decirle que era muy bonita para luego comenzar &hellip;<\/p>\n","protected":false},"author":1,"featured_media":53615,"comment_status":"open","ping_status":"open","sticky":false,"template":"","format":"standard","meta":{"_mi_skip_tracking":false},"categories":[50],"tags":[13839,207],"_links":{"self":[{"href":"https:\/\/visionpeninsular.com\/mid\/wp-json\/wp\/v2\/posts\/53606"}],"collection":[{"href":"https:\/\/visionpeninsular.com\/mid\/wp-json\/wp\/v2\/posts"}],"about":[{"href":"https:\/\/visionpeninsular.com\/mid\/wp-json\/wp\/v2\/types\/post"}],"author":[{"embeddable":true,"href":"https:\/\/visionpeninsular.com\/mid\/wp-json\/wp\/v2\/users\/1"}],"replies":[{"embeddable":true,"href":"https:\/\/visionpeninsular.com\/mid\/wp-json\/wp\/v2\/comments?post=53606"}],"version-history":[{"count":2,"href":"https:\/\/visionpeninsular.com\/mid\/wp-json\/wp\/v2\/posts\/53606\/revisions"}],"predecessor-version":[{"id":53621,"href":"https:\/\/visionpeninsular.com\/mid\/wp-json\/wp\/v2\/posts\/53606\/revisions\/53621"}],"wp:featuredmedia":[{"embeddable":true,"href":"https:\/\/visionpeninsular.com\/mid\/wp-json\/wp\/v2\/media\/53615"}],"wp:attachment":[{"href":"https:\/\/visionpeninsular.com\/mid\/wp-json\/wp\/v2\/media?parent=53606"}],"wp:term":[{"taxonomy":"category","embeddable":true,"href":"https:\/\/visionpeninsular.com\/mid\/wp-json\/wp\/v2\/categories?post=53606"},{"taxonomy":"post_tag","embeddable":true,"href":"https:\/\/visionpeninsular.com\/mid\/wp-json\/wp\/v2\/tags?post=53606"}],"curies":[{"name":"wp","href":"https:\/\/api.w.org\/{rel}","templated":true}]}}