{"id":53185,"date":"2018-12-27T10:58:08","date_gmt":"2018-12-27T16:58:08","guid":{"rendered":"http:\/\/visionpeninsular.com\/mid\/?p=53185"},"modified":"2018-12-27T10:58:15","modified_gmt":"2018-12-27T16:58:15","slug":"fiscalia-de-quintana-roo-investiga-el-secuestro-de-una-familia-en-cancun","status":"publish","type":"post","link":"https:\/\/visionpeninsular.com\/mid\/fiscalia-de-quintana-roo-investiga-el-secuestro-de-una-familia-en-cancun\/","title":{"rendered":"Fiscal\u00eda de Quintana Roo investiga el secuestro de una familia en Canc\u00fan"},"content":{"rendered":"\n<p>La <strong>Fiscal\u00eda general de Quintana Roo<\/strong> abri\u00f3 una<strong> investigaci\u00f3n <\/strong>en contra de cinco personas, acusadas de haber <strong>privado ilegalmente de su libertad <\/strong>a nueve personas, ocho de ellas, menores de edad, en un domicilio ubicado en una regi\u00f3n popular de Canc\u00fan.<\/p>\n\n\n\n<p>Gracias a una de las <strong>personas retenidas ilegalmente<\/strong> en una cuarter\u00eda localizada en la Regi\u00f3n 229 de esta ciudad, se logr\u00f3 el <strong>rescate de la familia<\/strong>, la tarde de ayer.<\/p>\n\n\n\n<p>La v\u00edctima logr\u00f3 huir y pedir<em> auxilio a la Polic\u00eda Federal<\/em>, \ncuyos elementos patrullaban la zona; la mujer manifest\u00f3 a los agentes \nque les fue exigido entregar 20 mil pesos para ser liberados.<\/p>\n\n\n\n<p>Elementos de la Polic\u00eda Federal acudieron al domicilio, liberaron a \nlas v\u00edctimas, capturaron a los cinco imputados y los pusieron a \ndisposici\u00f3n del ministerio p\u00fablico del fuero com\u00fan, que abri\u00f3 la carpeta\n de investigaci\u00f3n 10\/ 2018.<\/p>\n\n\n\n<p>La instituci\u00f3n inform\u00f3 hoy que, conforme a las indagatorias \npreliminares, no se trat\u00f3 propiamente de un secuestro y descart\u00f3 que las\n personas acusadas de la retenci\u00f3n ilegal de las v\u00edctimas, pertenezcan a\n alg\u00fan<em> grupo delictivo.<\/em><\/p>\n\n\n\n<p>\u201cSe trat\u00f3 de una supuesta deuda entre vecinos que deriv\u00f3 en la \nprivaci\u00f3n de la libertad de 9 personas, entre ellas 8 menores de edad\u201d, \nse indic\u00f3.<\/p>\n\n\n\n<p>Las v\u00edctimas fueron identificadas como G.A.V, de 24 a\u00f1os; A.M.A. de \n20 a\u00f1os; S.A.R, de 15 a\u00f1os; L.L.M y J.L.M,de 10 a\u00f1os; F.S.M de cinco; \nC.G.V, de 13; F.V.M, de 1 a\u00f1o y V.H, de mes y medio.<\/p>\n\n\n\n<p>Los imputados fueron identificados como Jaime \u201cN\u201d, Elmar \u201cN\u201d, Alen \n\u201cN\u201d, Juan \u201cN\u201d y Ana \u201cN\u201d, quienes son acusados de haber incurrido en el \ndelito de<strong> privaci\u00f3n ilegal de la libertad<\/strong>, sancionada \nen la Ley General para Prevenir y Sancionar los Delitos en materia de \nSecuestro, en el art\u00edculo 9, Fracci\u00f3n I inciso B.<\/p>\n\n\n\n<p>La Fiscal\u00eda precis\u00f3 que la situaci\u00f3n legal de las y los imputados se resolver\u00e1 ma\u00f1ana a las 19:00 horas.<\/p>\n<div class='share-to-whatsapp-wrapper'><div class='share-on-whsp'>Share on: <\/div><a data-text='Fiscal\u00eda de Quintana Roo investiga el secuestro de una familia en Canc\u00fan' data-link='https:\/\/visionpeninsular.com\/mid\/fiscalia-de-quintana-roo-investiga-el-secuestro-de-una-familia-en-cancun\/' class='whatsapp-button whatsapp-share'>WhatsApp<\/a><div class='clear '><\/div><\/div>","protected":false},"excerpt":{"rendered":"<p>La Fiscal\u00eda general de Quintana Roo abri\u00f3 una investigaci\u00f3n en contra de cinco personas, acusadas de haber privado ilegalmente de su libertad a nueve personas, ocho de ellas, menores de edad, en un domicilio ubicado en una regi\u00f3n popular de Canc\u00fan. Gracias a una de las personas retenidas ilegalmente en una cuarter\u00eda localizada en la &hellip;<\/p>\n","protected":false},"author":1,"featured_media":53194,"comment_status":"open","ping_status":"open","sticky":false,"template":"","format":"standard","meta":{"_mi_skip_tracking":false},"categories":[48],"tags":[11092],"_links":{"self":[{"href":"https:\/\/visionpeninsular.com\/mid\/wp-json\/wp\/v2\/posts\/53185"}],"collection":[{"href":"https:\/\/visionpeninsular.com\/mid\/wp-json\/wp\/v2\/posts"}],"about":[{"href":"https:\/\/visionpeninsular.com\/mid\/wp-json\/wp\/v2\/types\/post"}],"author":[{"embeddable":true,"href":"https:\/\/visionpeninsular.com\/mid\/wp-json\/wp\/v2\/users\/1"}],"replies":[{"embeddable":true,"href":"https:\/\/visionpeninsular.com\/mid\/wp-json\/wp\/v2\/comments?post=53185"}],"version-history":[{"count":1,"href":"https:\/\/visionpeninsular.com\/mid\/wp-json\/wp\/v2\/posts\/53185\/revisions"}],"predecessor-version":[{"id":53195,"href":"https:\/\/visionpeninsular.com\/mid\/wp-json\/wp\/v2\/posts\/53185\/revisions\/53195"}],"wp:featuredmedia":[{"embeddable":true,"href":"https:\/\/visionpeninsular.com\/mid\/wp-json\/wp\/v2\/media\/53194"}],"wp:attachment":[{"href":"https:\/\/visionpeninsular.com\/mid\/wp-json\/wp\/v2\/media?parent=53185"}],"wp:term":[{"taxonomy":"category","embeddable":true,"href":"https:\/\/visionpeninsular.com\/mid\/wp-json\/wp\/v2\/categories?post=53185"},{"taxonomy":"post_tag","embeddable":true,"href":"https:\/\/visionpeninsular.com\/mid\/wp-json\/wp\/v2\/tags?post=53185"}],"curies":[{"name":"wp","href":"https:\/\/api.w.org\/{rel}","templated":true}]}}