{"id":53060,"date":"2018-12-27T09:47:52","date_gmt":"2018-12-27T15:47:52","guid":{"rendered":"http:\/\/visionpeninsular.com\/mid\/?p=53060"},"modified":"2018-12-27T09:48:00","modified_gmt":"2018-12-27T15:48:00","slug":"ocupacion-hotelera-en-merida-al-100-por-ciento","status":"publish","type":"post","link":"https:\/\/visionpeninsular.com\/mid\/ocupacion-hotelera-en-merida-al-100-por-ciento\/","title":{"rendered":"Ocupaci\u00f3n hotelera en M\u00e9rida al 100 por ciento"},"content":{"rendered":"\n<p>El sector tur\u00edstico de M\u00e9rida cerrar\u00e1 la temporada navide\u00f1a\ny A\u00f1o Nuevo 2019, &nbsp;con una ocupaci\u00f3n del\n80 al 100 por ciento, y se espera que estas cifras se mantengan durante el mes\nde enero de 2019 con la realizaci\u00f3n del M\u00e9rida Fest.<\/p>\n\n\n\n<p>El director de Desarrollo Econ\u00f3mico y Turismo del\nAyuntamiento de M\u00e9rida, Eduardo Seijo Sol\u00eds, resalt\u00f3 que la capital yucateca\ncerrar\u00e1 con n\u00fameros positivos este 2018 con la llegada de turistas nacionales y\nextranjeros; se\u00f1al\u00f3 que los empresarios del ramo han reportado ocupaci\u00f3n del 80\nal 100 por ciento, dependiendo de la zona, y se espera que contin\u00fae en las\nprimeras semanas de enero.<\/p>\n\n\n\n<p>Agreg\u00f3 que con la realizaci\u00f3n del M\u00e9rida Fest 2019 prev\u00e9n se\nmantengan estas cifras, toda vez que la autoridad municipal tiene preparado una\nserie de actividades para captar m\u00e1s visitantes.<\/p>\n\n\n\n<p>\u201cVamos a poner nuestro grano de arena para promoverlo a\nnivel nacional y regional, creemos que puede ser una opci\u00f3n sumamente atractiva\npara la regi\u00f3n y muchas partes del pa\u00eds, esperemos que venga mucho turismo para\nque disfruten del evento\u201d, puntualiz\u00f3.<\/p>\n<div class='share-to-whatsapp-wrapper'><div class='share-on-whsp'>Share on: <\/div><a data-text='Ocupaci\u00f3n hotelera en M\u00e9rida al 100 por ciento' data-link='https:\/\/visionpeninsular.com\/mid\/ocupacion-hotelera-en-merida-al-100-por-ciento\/' class='whatsapp-button whatsapp-share'>WhatsApp<\/a><div class='clear '><\/div><\/div>","protected":false},"excerpt":{"rendered":"<p>El sector tur\u00edstico de M\u00e9rida cerrar\u00e1 la temporada navide\u00f1a y A\u00f1o Nuevo 2019, &nbsp;con una ocupaci\u00f3n del 80 al 100 por ciento, y se espera que estas cifras se mantengan durante el mes de enero de 2019 con la realizaci\u00f3n del M\u00e9rida Fest. El director de Desarrollo Econ\u00f3mico y Turismo del Ayuntamiento de M\u00e9rida, Eduardo &hellip;<\/p>\n","protected":false},"author":5,"featured_media":53070,"comment_status":"open","ping_status":"open","sticky":false,"template":"","format":"standard","meta":{"_mi_skip_tracking":false},"categories":[50,37],"tags":[13811,13810,13809],"_links":{"self":[{"href":"https:\/\/visionpeninsular.com\/mid\/wp-json\/wp\/v2\/posts\/53060"}],"collection":[{"href":"https:\/\/visionpeninsular.com\/mid\/wp-json\/wp\/v2\/posts"}],"about":[{"href":"https:\/\/visionpeninsular.com\/mid\/wp-json\/wp\/v2\/types\/post"}],"author":[{"embeddable":true,"href":"https:\/\/visionpeninsular.com\/mid\/wp-json\/wp\/v2\/users\/5"}],"replies":[{"embeddable":true,"href":"https:\/\/visionpeninsular.com\/mid\/wp-json\/wp\/v2\/comments?post=53060"}],"version-history":[{"count":1,"href":"https:\/\/visionpeninsular.com\/mid\/wp-json\/wp\/v2\/posts\/53060\/revisions"}],"predecessor-version":[{"id":53071,"href":"https:\/\/visionpeninsular.com\/mid\/wp-json\/wp\/v2\/posts\/53060\/revisions\/53071"}],"wp:featuredmedia":[{"embeddable":true,"href":"https:\/\/visionpeninsular.com\/mid\/wp-json\/wp\/v2\/media\/53070"}],"wp:attachment":[{"href":"https:\/\/visionpeninsular.com\/mid\/wp-json\/wp\/v2\/media?parent=53060"}],"wp:term":[{"taxonomy":"category","embeddable":true,"href":"https:\/\/visionpeninsular.com\/mid\/wp-json\/wp\/v2\/categories?post=53060"},{"taxonomy":"post_tag","embeddable":true,"href":"https:\/\/visionpeninsular.com\/mid\/wp-json\/wp\/v2\/tags?post=53060"}],"curies":[{"name":"wp","href":"https:\/\/api.w.org\/{rel}","templated":true}]}}