{"id":5302,"date":"2016-06-13T15:13:43","date_gmt":"2016-06-13T20:13:43","guid":{"rendered":"http:\/\/visionpeninsular.com\/mid\/?p=5302"},"modified":"2016-06-13T15:13:43","modified_gmt":"2016-06-13T20:13:43","slug":"xefc-la-catedral-y-la-casa-de-montejo-estan-en-primer-lugar-en-la-eleccion-de-7-tesoros-del-patrimonio-cultural-de-merida","status":"publish","type":"post","link":"https:\/\/visionpeninsular.com\/mid\/xefc-la-catedral-y-la-casa-de-montejo-estan-en-primer-lugar-en-la-eleccion-de-7-tesoros-del-patrimonio-cultural-de-merida\/","title":{"rendered":"XEFC, la Catedral y la Casa de Montejo est\u00e1n en primer lugar en la elecci\u00f3n de \u201c7 Tesoros del Patrimonio Cultural de M\u00e9rida\u201d"},"content":{"rendered":"<p style=\"margin: 0cm;margin-bottom: .0001pt;background: white\"><span style=\"font-family: 'Arial',sans-serif;color: black\">XEFC, La Voz en Yucat\u00e1n desde M\u00e9rida, con 753 votos, lidera la primera clasificaci\u00f3n provisional de la elecci\u00f3n \u201c7 Tesoros del Patrimonio Cultural de M\u00e9rida\u201d. En segunda posici\u00f3n est\u00e1 la Catedral, con 604 votos y la tercera posici\u00f3n es para la Casa de Montejo con 421 votos. Completan las siete primeras posiciones el Gran Museo del Mundo Maya, con 381 votos; el Ateneo Peninsular\/Museo de Arte Contempor\u00e1neo con 363 votos; el monumento a la Patria, con 324, y el Paseo Montejo con 310 votos.<\/span><\/p>\n<p style=\"margin: 0cm;margin-bottom: .0001pt;background: white\"><span style=\"font-family: 'Arial',sans-serif;color: black\">\u00a0<\/span><\/p>\n<p style=\"margin: 0cm;margin-bottom: .0001pt;background: white\"><span style=\"font-family: 'Arial',sans-serif;color: black\">Durante la primera semana de votaci\u00f3n han participada en la elecci\u00f3n de \u201c7 Tesoros del Patrimonio Cultural de M\u00e9rida\u201d un total de 1,118 personas. La mayor parte de votantes ha votado el m\u00e1ximo de candidaturas posible, que es de siete, con lo que el total de votos emitidos ha sido de 7,609 votos<\/span><\/p>\n<p style=\"margin: 0cm;margin-bottom: .0001pt;background: white\"><span style=\"font-family: 'Arial',sans-serif;color: black\">\u00a0<\/span><\/p>\n<p style=\"margin: 0cm;margin-bottom: .0001pt;background: white\"><span style=\"font-family: 'Arial',sans-serif;color: black\">Tambi\u00e9n durante la primera semana de votaci\u00f3n, 22 de las 45 candidaturas que aspiran a convertirse en \u201cTesoro del Patrimonio Cultural de M\u00e9rida\u201d han obtenido m\u00e1s de cien votos. Son las siguientes:<\/span><\/p>\n<p style=\"margin: 0cm;margin-bottom: .0001pt;background: white\"><span style=\"font-family: 'Arial',sans-serif;color: black\">\u00a0<\/span><\/p>\n<p style=\"margin: 0cm;margin-bottom: .0001pt;background: white\"><span style=\"font-family: 'Arial',sans-serif;color: black\">XEFC, La Voz en Yucat\u00e1n desde M\u00e9rida 753 votos<\/span><\/p>\n<p style=\"margin: 0cm;margin-bottom: .0001pt;background: white\"><span style=\"font-family: 'Arial',sans-serif;color: black\">Catedral 604<\/span><\/p>\n<p style=\"margin: 0cm;margin-bottom: .0001pt;background: white\"><span style=\"font-family: 'Arial',sans-serif;color: black\">Casa de Montejo 421<\/span><\/p>\n<p style=\"margin: 0cm;margin-bottom: .0001pt;background: white\"><span style=\"font-family: 'Arial',sans-serif;color: black\">Gran Museo del Mundo Maya 381<\/span><\/p>\n<p style=\"margin: 0cm;margin-bottom: .0001pt;background: white\"><span style=\"font-family: 'Arial',sans-serif;color: black\">Ateneo Peninsular\/Museo de Arte Contempor\u00e1neo 363<\/span><\/p>\n<p style=\"margin: 0cm;margin-bottom: .0001pt;background: white\"><span style=\"font-family: 'Arial',sans-serif;color: black\">Monumento a La Patria 324<\/span><\/p>\n<p style=\"margin: 0cm;margin-bottom: .0001pt;background: white\"><span style=\"font-family: 'Arial',sans-serif;color: black\">Paseo Montejo 310<\/span><\/p>\n<p style=\"margin: 0cm;margin-bottom: .0001pt;background: white\"><span style=\"font-family: 'Arial',sans-serif;color: black\">Casas gemelas 273<\/span><\/p>\n<p style=\"margin: 0cm;margin-bottom: .0001pt;background: white\"><span style=\"font-family: 'Arial',sans-serif;color: black\">Palacio Cant\u00f3n \u00a0242<\/span><\/p>\n<p style=\"margin: 0cm;margin-bottom: .0001pt;background: white\"><span style=\"font-family: 'Arial',sans-serif;color: black\">Parque de las Am\u00e9ricas 197<\/span><\/p>\n<p style=\"margin: 0cm;margin-bottom: .0001pt;background: white\"><span style=\"font-family: 'Arial',sans-serif;color: black\">Circuito de Barrios 195<\/span><\/p>\n<p style=\"margin: 0cm;margin-bottom: .0001pt;background: white\"><span style=\"font-family: 'Arial',sans-serif;color: black\">Haciendas 195<\/span><\/p>\n<p style=\"margin: 0cm;margin-bottom: .0001pt;background: white\"><span style=\"font-family: 'Arial',sans-serif;color: black\">Zona Arqueol\u00f3gica de Dzibilchalt\u00fan 172<\/span><\/p>\n<p style=\"margin: 0cm;margin-bottom: .0001pt;background: white\"><span style=\"font-family: 'Arial',sans-serif;color: black\">Teatro Pe\u00f3n Contreras 170<\/span><\/p>\n<p style=\"margin: 0cm;margin-bottom: .0001pt;background: white\"><span style=\"font-family: 'Arial',sans-serif;color: black\">Edificio Central de la Universidad Aut\u00f3noma de Yucat\u00e1n 165<\/span><\/p>\n<p style=\"margin: 0cm;margin-bottom: .0001pt;background: white\"><span style=\"font-family: 'Arial',sans-serif;color: black\">Circuito de Templos \u00a0158<\/span><\/p>\n<p style=\"margin: 0cm;margin-bottom: .0001pt;background: white\"><span style=\"font-family: 'Arial',sans-serif;color: black\">Cementerio General y el Paseo de las \u00c1nimas 151<\/span><\/p>\n<p style=\"margin: 0cm;margin-bottom: .0001pt;background: white\"><span style=\"font-family: 'Arial',sans-serif;color: black\">Cenote Xlacah 116<\/span><\/p>\n<p style=\"margin: 0cm;margin-bottom: .0001pt;background: white\"><span style=\"font-family: 'Arial',sans-serif;color: black\">Estaci\u00f3n de Ferrocarril 105<\/span><\/p>\n<p style=\"margin: 0cm;margin-bottom: .0001pt;background: white\"><span style=\"font-family: 'Arial',sans-serif;color: black\">Terno\/Hipil 103<\/span><\/p>\n<p style=\"margin: 0cm;margin-bottom: .0001pt;background: white\"><span style=\"font-family: 'Arial',sans-serif;color: black\">Trova Yucateca 103<\/span><\/p>\n<p style=\"margin: 0cm;margin-bottom: .0001pt;background: white\"><span style=\"font-family: 'Arial',sans-serif;color: black\">Plaza Grande 101<\/span><\/p>\n<p style=\"margin: 0cm;margin-bottom: .0001pt;background: white\"><span style=\"font-family: 'Arial',sans-serif;color: black\">\u00a0<\/span><\/p>\n<p style=\"margin: 0cm;margin-bottom: .0001pt;background: white\"><span style=\"font-family: 'Arial',sans-serif;color: black\">Hasta el d\u00eda 30 de Junio se puede votar para elegir \u201c7 Tesoros del Patrimonio Cultural de M\u00e9rida\u201d. La votaci\u00f3n se puede efectuar por Internet a trav\u00e9s del website de Capital Americana de la Cultura (www.cac-acc.org) . Oportunamente se anunciar\u00e1 la opci\u00f3n de votar, tambi\u00e9n, presencialmente.<\/span><\/p>\n<p style=\"margin: 0cm;margin-bottom: .0001pt;background: white\"><span style=\"font-family: 'Arial',sans-serif;color: black\">\u00a0<\/span><\/p>\n<p style=\"margin: 0cm;margin-bottom: .0001pt;background: white\"><span style=\"font-family: 'Arial',sans-serif;color: black\">El objetivo de la campa\u00f1a \u201c7 Tesoros del Patrimonio Cultural de M\u00e9rida\u201d, organizada por la Municipalidad de M\u00e9rida y el Bureau Internacional de Capitales Culturales en el marco de la Capital Americana de la Cultura M\u00e9rida 2017, es promover y divulgar el patrimonio cultural de M\u00e9rida de una manera did\u00e1ctica, pedag\u00f3gica, l\u00fadica y motivar la visita a los lugares seleccionados y elegidos. Tambi\u00e9n, establecer nuevas rutas tur\u00edsticas que permitan a los visitantes conocer la riqueza patrimonial de M\u00e9rida, a la vez que se promueve la participaci\u00f3n ciudadana.\u00a0<\/span><\/p>\n<p style=\"margin: 0cm;margin-bottom: .0001pt;background: white\"><span style=\"font-family: 'Arial',sans-serif;color: black\">Fuente: Yucat\u00e1n al minuto<\/span><\/p>\n<div class='share-to-whatsapp-wrapper'><div class='share-on-whsp'>Share on: <\/div><a data-text='XEFC, la Catedral y la Casa de Montejo est\u00e1n en primer lugar en la elecci\u00f3n de \u201c7 Tesoros del Patrimonio Cultural de M\u00e9rida\u201d' data-link='https:\/\/visionpeninsular.com\/mid\/xefc-la-catedral-y-la-casa-de-montejo-estan-en-primer-lugar-en-la-eleccion-de-7-tesoros-del-patrimonio-cultural-de-merida\/' class='whatsapp-button whatsapp-share'>WhatsApp<\/a><div class='clear '><\/div><\/div>","protected":false},"excerpt":{"rendered":"<p>XEFC, La Voz en Yucat\u00e1n desde M\u00e9rida, con 753 votos, lidera la primera clasificaci\u00f3n provisional de la elecci\u00f3n \u201c7 Tesoros del Patrimonio Cultural de M\u00e9rida\u201d. En segunda posici\u00f3n est\u00e1 la Catedral, con 604 votos y la tercera posici\u00f3n es para la Casa de Montejo con 421 votos. Completan las siete primeras posiciones el Gran Museo &hellip;<\/p>\n","protected":false},"author":3,"featured_media":5303,"comment_status":"open","ping_status":"open","sticky":false,"template":"","format":"standard","meta":{"_mi_skip_tracking":false},"categories":[50,37],"tags":[158,1149],"_links":{"self":[{"href":"https:\/\/visionpeninsular.com\/mid\/wp-json\/wp\/v2\/posts\/5302"}],"collection":[{"href":"https:\/\/visionpeninsular.com\/mid\/wp-json\/wp\/v2\/posts"}],"about":[{"href":"https:\/\/visionpeninsular.com\/mid\/wp-json\/wp\/v2\/types\/post"}],"author":[{"embeddable":true,"href":"https:\/\/visionpeninsular.com\/mid\/wp-json\/wp\/v2\/users\/3"}],"replies":[{"embeddable":true,"href":"https:\/\/visionpeninsular.com\/mid\/wp-json\/wp\/v2\/comments?post=5302"}],"version-history":[{"count":1,"href":"https:\/\/visionpeninsular.com\/mid\/wp-json\/wp\/v2\/posts\/5302\/revisions"}],"predecessor-version":[{"id":5304,"href":"https:\/\/visionpeninsular.com\/mid\/wp-json\/wp\/v2\/posts\/5302\/revisions\/5304"}],"wp:featuredmedia":[{"embeddable":true,"href":"https:\/\/visionpeninsular.com\/mid\/wp-json\/wp\/v2\/media\/5303"}],"wp:attachment":[{"href":"https:\/\/visionpeninsular.com\/mid\/wp-json\/wp\/v2\/media?parent=5302"}],"wp:term":[{"taxonomy":"category","embeddable":true,"href":"https:\/\/visionpeninsular.com\/mid\/wp-json\/wp\/v2\/categories?post=5302"},{"taxonomy":"post_tag","embeddable":true,"href":"https:\/\/visionpeninsular.com\/mid\/wp-json\/wp\/v2\/tags?post=5302"}],"curies":[{"name":"wp","href":"https:\/\/api.w.org\/{rel}","templated":true}]}}