{"id":52974,"date":"2018-12-27T08:30:41","date_gmt":"2018-12-27T14:30:41","guid":{"rendered":"http:\/\/visionpeninsular.com\/mid\/?p=52974"},"modified":"2018-12-27T08:30:49","modified_gmt":"2018-12-27T14:30:49","slug":"fallece-el-destacado-director-de-orquesta-y-maestro-jorge-medina-leal","status":"publish","type":"post","link":"https:\/\/visionpeninsular.com\/mid\/fallece-el-destacado-director-de-orquesta-y-maestro-jorge-medina-leal\/","title":{"rendered":"Fallece el destacado director de orquesta y maestro Jorge Medina Leal"},"content":{"rendered":"\n<p>El d\u00eda de ayer en horas de la tarde, &nbsp;se tuvo conocimiento del sensible\nfallecimiento del destacado maestro Jorge Medina Leal, m\u00fasico, arreglista,\ndirector de coros y reconocido director musical universitario, a la edad de 82\na\u00f1os.<\/p>\n\n\n\n<p>Medina Leal naci\u00f3 en M\u00e9rida, Yucat\u00e1n, el 9 de abril de 1936.\nEstudi\u00f3 en la Escuela Nacional de M\u00fasica de la Universidad Nacional Aut\u00f3noma de\nM\u00e9xico (UNAM) donde obtuvo la Licenciatura en Solfeo y Canto coral.<\/p>\n\n\n\n<p>Su carrera profesional desde hace cincuenta a\u00f1os siempre\nestuvo ligada a la actividad coral. Fue profesor en la Escuela Nacional de\nM\u00fasica de la UNAM, el Conservatorio Nacional de M\u00fasica de la Universidad\nVeracruzana, Universidad Aut\u00f3noma de Yucat\u00e1n, Escuela de Perfeccionamiento\nOll\u00edn Yoliztli y el Conservatorio de las Rosas.<\/p>\n\n\n\n<p>Tambi\u00e9n fue director titular de innumerables coros, entre\nlos que destacan la Universidad Veracruzana, UADY, Ciudad de M\u00e9rida, de\nSinaloa, Ciudad de Veracruz, Octeto Vocal Juan D. Tercero, del Teatro de Bellas\nArtes, de la Escuela Nacional de M\u00fasica y Coro Yucat\u00e1n.<\/p>\n\n\n\n<p>Siendo titular del Coro de la Filarm\u00f3nica de la ciudad de\nM\u00e9xico, realiz\u00f3 grabaciones para obras que dirigi\u00f3 el destacado director Luis\nHerrera de la Fuente, adem\u00e1s de Fernando Lozano, Enrique Diemeke, Jos\u00e9 G.\nFlores, Enrique B\u00e1tiz, Francisco Sav\u00edn, Eduardo Mata, Enrique Patr\u00f3n, Jorge\nSarmientos, Gunter Hervig, Lorin Maazel, Dimitri Kitayenko, Pablo Casals.<\/p>\n\n\n\n<p>Comparti\u00f3 escenario con casi todos los grandes cantantes\nrepresentante del g\u00e9nero oper\u00edstico en M\u00e9xico como Irma Gonz\u00e1lez, Alfredo\nPortillo, Encarnaci\u00f3n V\u00e1zquez, Lourdes Ambriz, Roberto Ba\u00f1uelas, Jes\u00fas Suaste y\nentre los extranjeros Pl\u00e1cido Domingo, Marilyn Horne, Maureen Forrester, Pablo\nElvira y Paul Plishka.<\/p>\n\n\n\n<p>Particip\u00f3 preparando presentaciones para obras\nsinf\u00f3nico-corales pr\u00e1cticamente con todas las Orquestas Sinf\u00f3nicas de M\u00e9xico,\nas\u00ed como con grupos de Cleveland, Mosc\u00fa, Berl\u00edn, Venezuela, Guatemala, aunado a\nlos coros a capella que dirigi\u00f3 en todo M\u00e9xico, as\u00ed como en Sudam\u00e9rica, el\nCaribe y Estados Unidos.<\/p>\n\n\n\n<p>Imparti\u00f3 cursos de Direcci\u00f3n Coral en distintos foros de la\nrep\u00fablica. En los \u00faltimos a\u00f1os fue &nbsp;invitado como Director hu\u00e9sped del Coro de\nMadrigalistas de Bellas Artes. En el a\u00f1o 1990 fund\u00f3 la Escuela de M\u00fasica Coral\nen el Estado de Yucat\u00e1n.<\/p>\n\n\n\n<p>Particip\u00f3 en diferentes festivales corales tanto en el pa\u00eds,\ncomo en el extranjero unas veces como director y otras como parte del jurado.\nEra hasta este d\u00eda titular de la clase de Direcci\u00f3n Coral en el Conservatorio\nde las Rosas en Morelia, Michoac\u00e1n.<\/p>\n\n\n\n<p>Por su trayectoria y numerosas tareas culturales, Medina Leal obtuvo reconocimientos y preseas tanto por su talento, como por sus aportaciones culturales y corales a obras cl\u00e1sicas e interpretaciones sinf\u00f3nicas.<\/p>\n\n\n\n<p>Descanse en paz.<\/p>\n<div class='share-to-whatsapp-wrapper'><div class='share-on-whsp'>Share on: <\/div><a data-text='Fallece el destacado director de orquesta y maestro Jorge Medina Leal' data-link='https:\/\/visionpeninsular.com\/mid\/fallece-el-destacado-director-de-orquesta-y-maestro-jorge-medina-leal\/' class='whatsapp-button whatsapp-share'>WhatsApp<\/a><div class='clear '><\/div><\/div>","protected":false},"excerpt":{"rendered":"<p>El d\u00eda de ayer en horas de la tarde, &nbsp;se tuvo conocimiento del sensible fallecimiento del destacado maestro Jorge Medina Leal, m\u00fasico, arreglista, director de coros y reconocido director musical universitario, a la edad de 82 a\u00f1os. Medina Leal naci\u00f3 en M\u00e9rida, Yucat\u00e1n, el 9 de abril de 1936. Estudi\u00f3 en la Escuela Nacional de &hellip;<\/p>\n","protected":false},"author":5,"featured_media":52987,"comment_status":"open","ping_status":"open","sticky":false,"template":"","format":"standard","meta":{"_mi_skip_tracking":false},"categories":[50,37],"tags":[13806,13804,13805],"_links":{"self":[{"href":"https:\/\/visionpeninsular.com\/mid\/wp-json\/wp\/v2\/posts\/52974"}],"collection":[{"href":"https:\/\/visionpeninsular.com\/mid\/wp-json\/wp\/v2\/posts"}],"about":[{"href":"https:\/\/visionpeninsular.com\/mid\/wp-json\/wp\/v2\/types\/post"}],"author":[{"embeddable":true,"href":"https:\/\/visionpeninsular.com\/mid\/wp-json\/wp\/v2\/users\/5"}],"replies":[{"embeddable":true,"href":"https:\/\/visionpeninsular.com\/mid\/wp-json\/wp\/v2\/comments?post=52974"}],"version-history":[{"count":1,"href":"https:\/\/visionpeninsular.com\/mid\/wp-json\/wp\/v2\/posts\/52974\/revisions"}],"predecessor-version":[{"id":52988,"href":"https:\/\/visionpeninsular.com\/mid\/wp-json\/wp\/v2\/posts\/52974\/revisions\/52988"}],"wp:featuredmedia":[{"embeddable":true,"href":"https:\/\/visionpeninsular.com\/mid\/wp-json\/wp\/v2\/media\/52987"}],"wp:attachment":[{"href":"https:\/\/visionpeninsular.com\/mid\/wp-json\/wp\/v2\/media?parent=52974"}],"wp:term":[{"taxonomy":"category","embeddable":true,"href":"https:\/\/visionpeninsular.com\/mid\/wp-json\/wp\/v2\/categories?post=52974"},{"taxonomy":"post_tag","embeddable":true,"href":"https:\/\/visionpeninsular.com\/mid\/wp-json\/wp\/v2\/tags?post=52974"}],"curies":[{"name":"wp","href":"https:\/\/api.w.org\/{rel}","templated":true}]}}