{"id":5293,"date":"2016-06-13T14:43:42","date_gmt":"2016-06-13T19:43:42","guid":{"rendered":"http:\/\/visionpeninsular.com\/mid\/?p=5293"},"modified":"2016-06-13T14:43:42","modified_gmt":"2016-06-13T19:43:42","slug":"siguen-abiertas-las-investigaciones-del-caso-de-agresion-hacia-los-choferes-de-uber-senala-el-fiscal-general","status":"publish","type":"post","link":"https:\/\/visionpeninsular.com\/mid\/siguen-abiertas-las-investigaciones-del-caso-de-agresion-hacia-los-choferes-de-uber-senala-el-fiscal-general\/","title":{"rendered":"Siguen abiertas las investigaciones del caso de agresi\u00f3n hacia los choferes de Uber, se\u00f1ala el Fiscal General"},"content":{"rendered":"<p>El fiscal general del Estado Ariel Aldecua Kuk se\u00f1al\u00f3 que el caso del enfrentamiento entre los taxistas del Frente \u00fanico del Volante contra los choferes de la empresa Uber a\u00fan no ha sido cerrada, por lo que podr\u00eda incrementar el n\u00famero de citados a declarar.<\/p>\n<p>Precis\u00f3 que las investigaciones siguen abiertas y que hoy est\u00e1n en procedimiento en la unidad especializada soluci\u00f3n de controversias para la posibilidad de un arreglo.<\/p>\n<p>Indic\u00f3 que el monto aproximado de los da\u00f1os a los veh\u00edculos Uber asciende a m\u00e1s d e100 mil pesos. Dijo que los da\u00f1os son en mayor\u00eda materiales y dos personas lesionadas. Dijo tambi\u00e9n que son seis las personas que han sido citadas e identificadas por las agresiones, aunque no se agreg\u00f3 al l\u00edder del Volante \u201cBlily\u201d Fern\u00e1ndez.<\/p>\n<p>Mencion\u00f3 que han sido 10 las denuncias del caso que sucedi\u00f3 el pasado 25 de mayo.<\/p>\n<p>Por \u00faltimo, indic\u00f3 que no hay plazos que establezca la ley para la duraci\u00f3n del caso, s\u00f3lo a que se llegue a un arreglo por ambas partes, en ese caso a\u00fan se continuar\u00eda con la integraci\u00f3n de la misma carpeta.<\/p>\n<div class='share-to-whatsapp-wrapper'><div class='share-on-whsp'>Share on: <\/div><a data-text='Siguen abiertas las investigaciones del caso de agresi\u00f3n hacia los choferes de Uber, se\u00f1ala el Fiscal General' data-link='https:\/\/visionpeninsular.com\/mid\/siguen-abiertas-las-investigaciones-del-caso-de-agresion-hacia-los-choferes-de-uber-senala-el-fiscal-general\/' class='whatsapp-button whatsapp-share'>WhatsApp<\/a><div class='clear '><\/div><\/div>","protected":false},"excerpt":{"rendered":"<p>El fiscal general del Estado Ariel Aldecua Kuk se\u00f1al\u00f3 que el caso del enfrentamiento entre los taxistas del Frente \u00fanico del Volante contra los choferes de la empresa Uber a\u00fan no ha sido cerrada, por lo que podr\u00eda incrementar el n\u00famero de citados a declarar. Precis\u00f3 que las investigaciones siguen abiertas y que hoy est\u00e1n &hellip;<\/p>\n","protected":false},"author":3,"featured_media":5294,"comment_status":"open","ping_status":"open","sticky":false,"template":"","format":"standard","meta":{"_mi_skip_tracking":false},"categories":[50,37],"tags":[505,207],"_links":{"self":[{"href":"https:\/\/visionpeninsular.com\/mid\/wp-json\/wp\/v2\/posts\/5293"}],"collection":[{"href":"https:\/\/visionpeninsular.com\/mid\/wp-json\/wp\/v2\/posts"}],"about":[{"href":"https:\/\/visionpeninsular.com\/mid\/wp-json\/wp\/v2\/types\/post"}],"author":[{"embeddable":true,"href":"https:\/\/visionpeninsular.com\/mid\/wp-json\/wp\/v2\/users\/3"}],"replies":[{"embeddable":true,"href":"https:\/\/visionpeninsular.com\/mid\/wp-json\/wp\/v2\/comments?post=5293"}],"version-history":[{"count":1,"href":"https:\/\/visionpeninsular.com\/mid\/wp-json\/wp\/v2\/posts\/5293\/revisions"}],"predecessor-version":[{"id":5295,"href":"https:\/\/visionpeninsular.com\/mid\/wp-json\/wp\/v2\/posts\/5293\/revisions\/5295"}],"wp:featuredmedia":[{"embeddable":true,"href":"https:\/\/visionpeninsular.com\/mid\/wp-json\/wp\/v2\/media\/5294"}],"wp:attachment":[{"href":"https:\/\/visionpeninsular.com\/mid\/wp-json\/wp\/v2\/media?parent=5293"}],"wp:term":[{"taxonomy":"category","embeddable":true,"href":"https:\/\/visionpeninsular.com\/mid\/wp-json\/wp\/v2\/categories?post=5293"},{"taxonomy":"post_tag","embeddable":true,"href":"https:\/\/visionpeninsular.com\/mid\/wp-json\/wp\/v2\/tags?post=5293"}],"curies":[{"name":"wp","href":"https:\/\/api.w.org\/{rel}","templated":true}]}}