{"id":52090,"date":"2018-12-22T09:46:28","date_gmt":"2018-12-22T15:46:28","guid":{"rendered":"http:\/\/visionpeninsular.com\/mid\/?p=52090"},"modified":"2018-12-22T09:46:35","modified_gmt":"2018-12-22T15:46:35","slug":"adulto-mayor-extraviado-en-kanasin-familiares-piden-ayuda-para-localizarlo","status":"publish","type":"post","link":"https:\/\/visionpeninsular.com\/mid\/adulto-mayor-extraviado-en-kanasin-familiares-piden-ayuda-para-localizarlo\/","title":{"rendered":"Adulto mayor extraviado en Kanas\u00edn; familiares piden ayuda para localizarlo"},"content":{"rendered":"\n<p>Familiares del se\u00f1or Pablo Cano piden ayuda a trav\u00e9s de las\nredes sociales para localizar a su pariente, de 73 a\u00f1os y extraviado desde el\npasado martes 18 de diciembre.<\/p>\n\n\n\n<p>Dijeron que la \u00faltima vez que lo vieron fue aproximadamente\na las tres de la tarde, cuando el se\u00f1or sali\u00f3 de su domicilio con rumbo al\nfraccionamiento Santa Ana, en Kanas\u00edn.<\/p>\n\n\n\n<p>Al momento de su extrav\u00edo, el septuagenario vest\u00eda\npantalones color caqui, sport blanca y chanclas. Mide 1.70 de estatura y tiene\ncabello canoso y rizado.<\/p>\n\n\n\n<p>Sus parientes indicaron que incluso pudieron comunicarse con\n\u00e9l antes de que se le agotara la bater\u00eda a su tel\u00e9fono, sin embargo, el se\u00f1or\ndijo que se encontraba en un \u201cmonte con una casa y rejas\u201d, que le imped\u00edan\nsalir. <\/p>\n\n\n\n<p>Para cualquier informaci\u00f3n que permita conocer el paradero\nde don Pablo, pusieron a disposici\u00f3n de la sociedad yucateca los tel\u00e9fonos\n9994-64-34-69, 9991-03-74-64 y 9995-71-48-64.<\/p>\n<div class='share-to-whatsapp-wrapper'><div class='share-on-whsp'>Share on: <\/div><a data-text='Adulto mayor extraviado en Kanas\u00edn; familiares piden ayuda para localizarlo' data-link='https:\/\/visionpeninsular.com\/mid\/adulto-mayor-extraviado-en-kanasin-familiares-piden-ayuda-para-localizarlo\/' class='whatsapp-button whatsapp-share'>WhatsApp<\/a><div class='clear '><\/div><\/div>","protected":false},"excerpt":{"rendered":"<p>Familiares del se\u00f1or Pablo Cano piden ayuda a trav\u00e9s de las redes sociales para localizar a su pariente, de 73 a\u00f1os y extraviado desde el pasado martes 18 de diciembre. Dijeron que la \u00faltima vez que lo vieron fue aproximadamente a las tres de la tarde, cuando el se\u00f1or sali\u00f3 de su domicilio con rumbo &hellip;<\/p>\n","protected":false},"author":5,"featured_media":52099,"comment_status":"open","ping_status":"open","sticky":false,"template":"","format":"standard","meta":{"_mi_skip_tracking":false},"categories":[50,37],"tags":[13748,1499],"_links":{"self":[{"href":"https:\/\/visionpeninsular.com\/mid\/wp-json\/wp\/v2\/posts\/52090"}],"collection":[{"href":"https:\/\/visionpeninsular.com\/mid\/wp-json\/wp\/v2\/posts"}],"about":[{"href":"https:\/\/visionpeninsular.com\/mid\/wp-json\/wp\/v2\/types\/post"}],"author":[{"embeddable":true,"href":"https:\/\/visionpeninsular.com\/mid\/wp-json\/wp\/v2\/users\/5"}],"replies":[{"embeddable":true,"href":"https:\/\/visionpeninsular.com\/mid\/wp-json\/wp\/v2\/comments?post=52090"}],"version-history":[{"count":1,"href":"https:\/\/visionpeninsular.com\/mid\/wp-json\/wp\/v2\/posts\/52090\/revisions"}],"predecessor-version":[{"id":52100,"href":"https:\/\/visionpeninsular.com\/mid\/wp-json\/wp\/v2\/posts\/52090\/revisions\/52100"}],"wp:featuredmedia":[{"embeddable":true,"href":"https:\/\/visionpeninsular.com\/mid\/wp-json\/wp\/v2\/media\/52099"}],"wp:attachment":[{"href":"https:\/\/visionpeninsular.com\/mid\/wp-json\/wp\/v2\/media?parent=52090"}],"wp:term":[{"taxonomy":"category","embeddable":true,"href":"https:\/\/visionpeninsular.com\/mid\/wp-json\/wp\/v2\/categories?post=52090"},{"taxonomy":"post_tag","embeddable":true,"href":"https:\/\/visionpeninsular.com\/mid\/wp-json\/wp\/v2\/tags?post=52090"}],"curies":[{"name":"wp","href":"https:\/\/api.w.org\/{rel}","templated":true}]}}