{"id":5151,"date":"2016-06-10T16:41:01","date_gmt":"2016-06-10T21:41:01","guid":{"rendered":"http:\/\/visionpeninsular.com\/mid\/?p=5151"},"modified":"2016-06-10T16:41:38","modified_gmt":"2016-06-10T21:41:38","slug":"de-manera-oficial-se-levanta-la-veda-del-pepino-de-mar-aunque-solo-por-10-dias","status":"publish","type":"post","link":"https:\/\/visionpeninsular.com\/mid\/de-manera-oficial-se-levanta-la-veda-del-pepino-de-mar-aunque-solo-por-10-dias\/","title":{"rendered":"De manera oficial se levanta la veda del pepino de mar, aunque solo por 10 d\u00edas"},"content":{"rendered":"<p>Se publica a trav\u00e9s del Diario Oficial de la Federaci\u00f3n que la veda del pepino de mar fue levantada de manera oficial.<\/p>\n<p>De acuerdo con la publicaci\u00f3n realizada por la SAGARPA el periodo de captura ser\u00e1 de 10 d\u00edas, iniciando hoy y finaliza hasta el 20 de junio y se podr\u00e1 realizar desde Celest\u00fan hasta el Cuyo. Adem\u00e1s, tampoco se fij\u00f3 una meta de captura.<\/p>\n<p>El presidente de la Sociedad de Cooperativas Pesqueras del Centro y Poniente de Yucat\u00e1n, Jos\u00e9 Luis Carrillo Galas indic\u00f3 que unas 585 lanchas con dos mil 500 pescadores se har\u00edan a la mar a partir de ma\u00f1ana para capturar el producto, pues mencion\u00f3 que hoy debe notificarse el acuerdo de manera formal.<\/p>\n<p><span style=\"font-style: inherit;font-weight: inherit\">\u00a0<\/span><\/p>\n<p>El Comit\u00e9 N\u00e1utico de Sisal, que contempla unas 20 cooperativas pepineras aportar\u00e1 45 lanchas a la captura del pepino de mar. Se espera que haya un operativo especial de la Marina para evitar que pescadores furtivos o de otros estados intervengan en la captura sin los permisos correspondientes.<\/p>\n<div class='share-to-whatsapp-wrapper'><div class='share-on-whsp'>Share on: <\/div><a data-text='De manera oficial se levanta la veda del pepino de mar, aunque solo por 10 d\u00edas' data-link='https:\/\/visionpeninsular.com\/mid\/de-manera-oficial-se-levanta-la-veda-del-pepino-de-mar-aunque-solo-por-10-dias\/' class='whatsapp-button whatsapp-share'>WhatsApp<\/a><div class='clear '><\/div><\/div>","protected":false},"excerpt":{"rendered":"<p>Se publica a trav\u00e9s del Diario Oficial de la Federaci\u00f3n que la veda del pepino de mar fue levantada de manera oficial. De acuerdo con la publicaci\u00f3n realizada por la SAGARPA el periodo de captura ser\u00e1 de 10 d\u00edas, iniciando hoy y finaliza hasta el 20 de junio y se podr\u00e1 realizar desde Celest\u00fan hasta &hellip;<\/p>\n","protected":false},"author":3,"featured_media":5152,"comment_status":"open","ping_status":"open","sticky":false,"template":"","format":"standard","meta":{"_mi_skip_tracking":false},"categories":[50,37],"tags":[215],"_links":{"self":[{"href":"https:\/\/visionpeninsular.com\/mid\/wp-json\/wp\/v2\/posts\/5151"}],"collection":[{"href":"https:\/\/visionpeninsular.com\/mid\/wp-json\/wp\/v2\/posts"}],"about":[{"href":"https:\/\/visionpeninsular.com\/mid\/wp-json\/wp\/v2\/types\/post"}],"author":[{"embeddable":true,"href":"https:\/\/visionpeninsular.com\/mid\/wp-json\/wp\/v2\/users\/3"}],"replies":[{"embeddable":true,"href":"https:\/\/visionpeninsular.com\/mid\/wp-json\/wp\/v2\/comments?post=5151"}],"version-history":[{"count":2,"href":"https:\/\/visionpeninsular.com\/mid\/wp-json\/wp\/v2\/posts\/5151\/revisions"}],"predecessor-version":[{"id":5154,"href":"https:\/\/visionpeninsular.com\/mid\/wp-json\/wp\/v2\/posts\/5151\/revisions\/5154"}],"wp:featuredmedia":[{"embeddable":true,"href":"https:\/\/visionpeninsular.com\/mid\/wp-json\/wp\/v2\/media\/5152"}],"wp:attachment":[{"href":"https:\/\/visionpeninsular.com\/mid\/wp-json\/wp\/v2\/media?parent=5151"}],"wp:term":[{"taxonomy":"category","embeddable":true,"href":"https:\/\/visionpeninsular.com\/mid\/wp-json\/wp\/v2\/categories?post=5151"},{"taxonomy":"post_tag","embeddable":true,"href":"https:\/\/visionpeninsular.com\/mid\/wp-json\/wp\/v2\/tags?post=5151"}],"curies":[{"name":"wp","href":"https:\/\/api.w.org\/{rel}","templated":true}]}}