{"id":51155,"date":"2018-12-19T16:47:31","date_gmt":"2018-12-19T22:47:31","guid":{"rendered":"http:\/\/visionpeninsular.com\/mid\/?p=51155"},"modified":"2018-12-19T16:47:39","modified_gmt":"2018-12-19T22:47:39","slug":"esperan-temperaturas-frescas-en-quintana-roo-por-frente-frio-18","status":"publish","type":"post","link":"https:\/\/visionpeninsular.com\/mid\/esperan-temperaturas-frescas-en-quintana-roo-por-frente-frio-18\/","title":{"rendered":"Esperan temperaturas frescas en Quintana Roo por frente fr\u00edo 18"},"content":{"rendered":"\n<p>El frente fr\u00edo n\u00famero 18 afecta gradualmente al \nterritorio de Quintana Roo, por lo que la Coordinaci\u00f3n Estatal de \nProtecci\u00f3n Civil (Coeproc) pidi\u00f3 a la ciudadan\u00eda mantenerse atentos ante\n los cambios de temperatura bruscos.<\/p>\n\n\n\n<p>El director general de la Coeproc, Adri\u00e1n Mart\u00ednez \nOrtega, inform\u00f3 que a partir de la pr\u00f3xima semana, el gobierno del \nestado, a trav\u00e9s de la Coordinaci\u00f3n de Protecci\u00f3n Civil Estatal, \nentregar\u00e1 cobertores comunidades de la zona maya, ya que en algunas \ndemarcaciones baja m\u00e1s la temperatura que en el resto de la entidad.<\/p>\n\n\n\n<p>De acuerdo con el Bolet\u00edn Meteorol\u00f3gico que proporciona la \ndependencia, en las pr\u00f3ximas horas la temperatura m\u00e1xima ser\u00e1 de 31 a \n33\u00b0C, con m\u00ednimas de 21 a 23 grados cent\u00edgrados<\/p>\n\n\n\n<p>Mart\u00ednez Ortega a\u00f1adi\u00f3 que a partir de la pr\u00f3xima semana el gobierno \ndel estado a trav\u00e9s de la Coordinaci\u00f3n de Protecci\u00f3n Civil Estatal \nentregar\u00e1 cobertores comunidades de la zona maya, ya que en algunas \ndemarcaciones baja m\u00e1s la temperatura que en el resto de la entidad.<\/p>\n\n\n\n<p>Mart\u00ednez Ortega precis\u00f3 que al mediod\u00eda de este mi\u00e9rcoles, el Frente \nfr\u00edo se ubicaba en el noreste de la Rep\u00fablica Mexicana avanzando en \ndirecci\u00f3n al Golfo de M\u00e9xico e interior del pa\u00eds, provocando descenso en\n las temperaturas, viento fresco y arrachado del Norte, incremento de \nnubosidad y lluvias sobre su \u00e1rea de influencia.<\/p>\n\n\n\n<p>Seg\u00fan dijo, los primeros efectos de este sistema frontal se empezaran\n a sentir en la regi\u00f3n peninsular en el transcurso de este jueves, por \nlo que se pide a la ciudadan\u00eda tomar sus precauciones pertinente con los\n ni\u00f1os y ni\u00f1as menores de cinco a\u00f1os, adultos mayores y enfermos \ncr\u00f3nicos, por los cambios de temperatura que se registraran los pr\u00f3ximas\n noches.<\/p>\n\n\n\n<p>Adem\u00e1s, indic\u00f3 que Protecci\u00f3n Civil Estatal recomienda a la \nciudadan\u00eda que antes de dormir y al salir por las ma\u00f1anas de casa, tomar\n l\u00edquidos calientes, comer frutas y verduras ricas en vitaminas A y C, \nal salir de un lugar caliente cubrirse la nariz y boca para evitar el \naire fr\u00edo, vestir con ropa gruesa y por la noche abrigarse bien a la \nhora de dormir.<\/p>\n\n\n\n<p>De igual manera, sugiri\u00f3 tomar y extremar precauciones a la \nnavegaci\u00f3n mar\u00edtima por los efectos del oleaje, viento y lluvia, \ninf\u00f3rmense en las capitan\u00edas de puerto locales sobre las actividades que\n se podr\u00e1n realizar en el mar y el calado de las embarcaciones.<\/p>\n<div class='share-to-whatsapp-wrapper'><div class='share-on-whsp'>Share on: <\/div><a data-text='Esperan temperaturas frescas en Quintana Roo por frente fr\u00edo 18' data-link='https:\/\/visionpeninsular.com\/mid\/esperan-temperaturas-frescas-en-quintana-roo-por-frente-frio-18\/' class='whatsapp-button whatsapp-share'>WhatsApp<\/a><div class='clear '><\/div><\/div>","protected":false},"excerpt":{"rendered":"<p>El frente fr\u00edo n\u00famero 18 afecta gradualmente al territorio de Quintana Roo, por lo que la Coordinaci\u00f3n Estatal de Protecci\u00f3n Civil (Coeproc) pidi\u00f3 a la ciudadan\u00eda mantenerse atentos ante los cambios de temperatura bruscos. El director general de la Coeproc, Adri\u00e1n Mart\u00ednez Ortega, inform\u00f3 que a partir de la pr\u00f3xima semana, el gobierno del estado, &hellip;<\/p>\n","protected":false},"author":1,"featured_media":51164,"comment_status":"open","ping_status":"open","sticky":false,"template":"","format":"standard","meta":{"_mi_skip_tracking":false},"categories":[48],"tags":[4622],"_links":{"self":[{"href":"https:\/\/visionpeninsular.com\/mid\/wp-json\/wp\/v2\/posts\/51155"}],"collection":[{"href":"https:\/\/visionpeninsular.com\/mid\/wp-json\/wp\/v2\/posts"}],"about":[{"href":"https:\/\/visionpeninsular.com\/mid\/wp-json\/wp\/v2\/types\/post"}],"author":[{"embeddable":true,"href":"https:\/\/visionpeninsular.com\/mid\/wp-json\/wp\/v2\/users\/1"}],"replies":[{"embeddable":true,"href":"https:\/\/visionpeninsular.com\/mid\/wp-json\/wp\/v2\/comments?post=51155"}],"version-history":[{"count":1,"href":"https:\/\/visionpeninsular.com\/mid\/wp-json\/wp\/v2\/posts\/51155\/revisions"}],"predecessor-version":[{"id":51165,"href":"https:\/\/visionpeninsular.com\/mid\/wp-json\/wp\/v2\/posts\/51155\/revisions\/51165"}],"wp:featuredmedia":[{"embeddable":true,"href":"https:\/\/visionpeninsular.com\/mid\/wp-json\/wp\/v2\/media\/51164"}],"wp:attachment":[{"href":"https:\/\/visionpeninsular.com\/mid\/wp-json\/wp\/v2\/media?parent=51155"}],"wp:term":[{"taxonomy":"category","embeddable":true,"href":"https:\/\/visionpeninsular.com\/mid\/wp-json\/wp\/v2\/categories?post=51155"},{"taxonomy":"post_tag","embeddable":true,"href":"https:\/\/visionpeninsular.com\/mid\/wp-json\/wp\/v2\/tags?post=51155"}],"curies":[{"name":"wp","href":"https:\/\/api.w.org\/{rel}","templated":true}]}}