{"id":5108,"date":"2016-06-10T07:25:21","date_gmt":"2016-06-10T12:25:21","guid":{"rendered":"http:\/\/visionpeninsular.com\/mid\/?p=5108"},"modified":"2016-06-10T07:25:21","modified_gmt":"2016-06-10T12:25:21","slug":"se-incluyen-mas-propuestas-a-red-escudo-yucatan","status":"publish","type":"post","link":"https:\/\/visionpeninsular.com\/mid\/se-incluyen-mas-propuestas-a-red-escudo-yucatan\/","title":{"rendered":"Se incluyen m\u00e1s propuestas a Red Escudo Yucat\u00e1n"},"content":{"rendered":"<p>Consolidar el tejido social desde la familia, vincular el trabajo de las asociaciones civiles con los centros escolares, as\u00ed como articular a los diversos actores sociales para el intercambio de informaci\u00f3n y proyectos comunes, fueron algunas de las propuestas que surgieron durante la quinta mesa especializada de la Red Escudo Yucat\u00e1n.<\/p>\n<p><span style=\"font-style: inherit;font-weight: inherit\">Titulares y representantes de m\u00e1s de 40 instancias educativas p\u00fablicas y privadas, c\u00e1maras empresariales y organizaciones sociales, presentaron sus iniciativas como parte del espacio correspondiente al tema \u201cVinculaci\u00f3n y corresponsabilidad con instituciones de educaci\u00f3n superior y el sector privado\u201d, en el auditorio de la C\u00e1mara Nacional de Comercio, Servicios y Turismo (Canaco-Servytur), delegaci\u00f3n M\u00e9rida.<\/span><\/p>\n<p><span style=\"font-style: inherit;font-weight: inherit\">Acompa\u00f1ada del presidente del organismo anfitri\u00f3n y del Consejo Coordinador Empresarial (CCE), Juan Jos\u00e9 Abraham Daguer, la subsecretaria de Prevenci\u00f3n y Seguridad de la Secretar\u00eda General de Gobierno (SGG), Martha G\u00f3ngora S\u00e1nchez, dio la bienvenida y destac\u00f3 el trabajo conjunto entre sociedad y autoridades, para el dise\u00f1o y construcci\u00f3n de estrategias que impacten en la prevenci\u00f3n social del delito.<\/span><\/p>\n<p><span style=\"font-style: inherit;font-weight: inherit\">Durante la participaci\u00f3n de los integrantes, se propuso una plataforma estatal de registro de il\u00edcitos menores, que en caso de reincidencia, tambi\u00e9n brinde asesor\u00eda psicol\u00f3gica y atenci\u00f3n personalizada a quien cometa el agravio. Asimismo, se consider\u00f3 la construcci\u00f3n de una red de informaci\u00f3n comunitaria conformada por docentes y educandos de nivel superior, con cobertura en toda la entidad.<\/span><\/p>\n<p><span style=\"font-style: inherit;font-weight: inherit\">De igual forma, se expuso sobre un programa escolar de defensa personal y un esquema deportivo universitario, que fomenten la sana convivencia y la capacidad de autoprotecci\u00f3n del alumnado. Adem\u00e1s, una escuela para padres de los niveles de secundaria y bachillerato, y la articulaci\u00f3n entre casas de estudio y agrupaciones civiles en apoyo a los j\u00f3venes que lo necesiten.<\/span><\/p>\n<p><span style=\"font-style: inherit;font-weight: inherit\">Tambi\u00e9n se\u00f1alaron la importancia de que se promueva una educaci\u00f3n desde una cultura de paz, que incluya talleres y proyectos de diagn\u00f3stico que garanticen un ambiente de seguridad, y que cambie el enfoque para preparar a las futuras generaciones, a fin de que enfrenten los conflictos sociales a trav\u00e9s del conocimiento.<\/span><\/p>\n<p><span style=\"font-style: inherit;font-weight: inherit\">La siguiente mesa especializada de la Red Escudo Yucat\u00e1n, que abordar\u00e1 el tema \u201cFactores de riesgo\u201d, se llevar\u00e1 a cabo el pr\u00f3ximo martes 14 de junio en el auditorio de la Universidad An\u00e1huac Mayab, en punto de las 17:00 horas.<\/span><\/p>\n<div class='share-to-whatsapp-wrapper'><div class='share-on-whsp'>Share on: <\/div><a data-text='Se incluyen m\u00e1s propuestas a Red Escudo Yucat\u00e1n' data-link='https:\/\/visionpeninsular.com\/mid\/se-incluyen-mas-propuestas-a-red-escudo-yucatan\/' class='whatsapp-button whatsapp-share'>WhatsApp<\/a><div class='clear '><\/div><\/div>","protected":false},"excerpt":{"rendered":"<p>Consolidar el tejido social desde la familia, vincular el trabajo de las asociaciones civiles con los centros escolares, as\u00ed como articular a los diversos actores sociales para el intercambio de informaci\u00f3n y proyectos comunes, fueron algunas de las propuestas que surgieron durante la quinta mesa especializada de la Red Escudo Yucat\u00e1n. Titulares y representantes de &hellip;<\/p>\n","protected":false},"author":3,"featured_media":5109,"comment_status":"open","ping_status":"open","sticky":false,"template":"","format":"standard","meta":{"_mi_skip_tracking":false},"categories":[50,37],"tags":[209,1114],"_links":{"self":[{"href":"https:\/\/visionpeninsular.com\/mid\/wp-json\/wp\/v2\/posts\/5108"}],"collection":[{"href":"https:\/\/visionpeninsular.com\/mid\/wp-json\/wp\/v2\/posts"}],"about":[{"href":"https:\/\/visionpeninsular.com\/mid\/wp-json\/wp\/v2\/types\/post"}],"author":[{"embeddable":true,"href":"https:\/\/visionpeninsular.com\/mid\/wp-json\/wp\/v2\/users\/3"}],"replies":[{"embeddable":true,"href":"https:\/\/visionpeninsular.com\/mid\/wp-json\/wp\/v2\/comments?post=5108"}],"version-history":[{"count":1,"href":"https:\/\/visionpeninsular.com\/mid\/wp-json\/wp\/v2\/posts\/5108\/revisions"}],"predecessor-version":[{"id":5110,"href":"https:\/\/visionpeninsular.com\/mid\/wp-json\/wp\/v2\/posts\/5108\/revisions\/5110"}],"wp:featuredmedia":[{"embeddable":true,"href":"https:\/\/visionpeninsular.com\/mid\/wp-json\/wp\/v2\/media\/5109"}],"wp:attachment":[{"href":"https:\/\/visionpeninsular.com\/mid\/wp-json\/wp\/v2\/media?parent=5108"}],"wp:term":[{"taxonomy":"category","embeddable":true,"href":"https:\/\/visionpeninsular.com\/mid\/wp-json\/wp\/v2\/categories?post=5108"},{"taxonomy":"post_tag","embeddable":true,"href":"https:\/\/visionpeninsular.com\/mid\/wp-json\/wp\/v2\/tags?post=5108"}],"curies":[{"name":"wp","href":"https:\/\/api.w.org\/{rel}","templated":true}]}}