{"id":5079,"date":"2016-06-10T06:57:08","date_gmt":"2016-06-10T11:57:08","guid":{"rendered":"http:\/\/visionpeninsular.com\/mid\/?p=5079"},"modified":"2016-06-10T06:57:08","modified_gmt":"2016-06-10T11:57:08","slug":"apelaran-el-resolutivo-de-la-profepa-sobre-el-conflicto-por-la-devastacion-del-malecon-tajamar","status":"publish","type":"post","link":"https:\/\/visionpeninsular.com\/mid\/apelaran-el-resolutivo-de-la-profepa-sobre-el-conflicto-por-la-devastacion-del-malecon-tajamar\/","title":{"rendered":"Apelar\u00e1n el resolutivo de la Profepa sobre el conflicto por la devastaci\u00f3n del Malec\u00f3n Tajamar"},"content":{"rendered":"<p style=\"line-height: 16.8pt;background: white;vertical-align: baseline\"><span style=\"font-family: 'Arial',sans-serif;color: black\">Aracely Dom\u00ednguez, presidenta del Grupo Ecologista del Mayab, rechaz\u00f3 el resolutivo de la Procuradur\u00eda Federal de Protecci\u00f3n al Ambiente (Profepa) que absuelve al Fondo Nacional de Turismo (Fonatur) de la devastaci\u00f3n del manglar realizada en el Malec\u00f3n Tajamar Canc\u00fan y dijo presentar\u00e1n una apelaci\u00f3n.<\/span><\/p>\n<p style=\"line-height: 16.8pt;background: white;vertical-align: baseline;margin: 1.25rem;text-align: start\"><span style=\"font-family: 'Arial',sans-serif;color: black\">En rueda de prensa en Canc\u00fan, la activista ambiental, denunci\u00f3 que el resolutivo de la Profepa es una estrategia para apoyar a Fonatur para que no tenga que devolver el dinero a los desarrolladores y due\u00f1os de predios en caso de que demanden para reclamar una indemnizaci\u00f3n, lo cual ascender\u00eda a muchos millones de d\u00f3lares.<\/span><\/p>\n<p style=\"line-height: 16.8pt;background: white;vertical-align: baseline;margin: 1.25rem;text-align: start\"><span style=\"font-family: 'Arial',sans-serif;color: black\">\u00a0<\/span><\/p>\n<p style=\"line-height: 16.8pt;background: white;vertical-align: baseline\"><span style=\"font-family: 'Arial',sans-serif;color: black\">\u00a0<\/span><\/p>\n<p style=\"line-height: 16.8pt;background: white;vertical-align: baseline\"><span style=\"font-family: 'Arial',sans-serif;color: black\">\u201cYo creo que s\u00f3lo le est\u00e1n cuidando la espalda a Fonatur en caso de que haya una demanda contra el gobierno federal y con este resolutivo est\u00e1n queriendo decir que ellos no cometieron ning\u00fan il\u00edcito\u201d, dijo.<\/span><\/p>\n<p style=\"line-height: 16.8pt;background: white;vertical-align: baseline;margin: 1.25rem;text-align: start\"><span style=\"font-family: 'Arial',sans-serif;color: black\">\u201cNo les interesa la sociedad, ni el medio ambiente, ni los animales, ni todas las cosas que hemos venido denunciando\u201d, insisti\u00f3. \u201cS\u00f3lo quieren protegerle las espaldas a Fonatur\u201d.<\/span><\/p>\n<p style=\"line-height: 16.8pt;background: white;vertical-align: baseline;margin: 1.25rem;text-align: start\"><span style=\"font-family: 'Arial',sans-serif;color: black\">Dijo que con este resolutivo, el gobierno federal quiere dar por concluida la denuncia por el incumplimiento de la condicionante del rescate y protecci\u00f3n de la flora y fauna del predio, pero eso no significa que ya ganaron o lo desarrolladores podr\u00e1n retomar el proyecto porque existen otras denuncias y amparos interpuestos que a\u00fan no se resuelven.<\/span><\/p>\n<p style=\"line-height: 16.8pt;background: white;vertical-align: baseline;margin: 1.25rem;text-align: start\"><span style=\"font-family: 'Arial',sans-serif;color: black\">Aracely Dom\u00edguez dijo que van a apelar el resolutivo y se est\u00e1 analizando el procedimiento legal a seguir que podr\u00eda ser desde un amparo a un juicio de nulidad u otras acciones que los abogados determinen que son m\u00e1s viables.<\/span><\/p>\n<p style=\"line-height: 16.8pt;background: white;vertical-align: baseline;margin: 1.25rem;text-align: start\"><span style=\"font-family: 'Arial',sans-serif;color: black\">\u201cEsto no se ha acabado, es parte de un proceso y va a durar muchos a\u00f1os todav\u00eda\u201d, advirti\u00f3.<\/span><\/p>\n<p style=\"line-height: 16.8pt;background: white;vertical-align: baseline;margin: 1.25rem;text-align: start\"><span style=\"font-family: 'Arial',sans-serif;color: black\">La activista destac\u00f3 que ha sido un importante logro de la comunidad que el proyecto de Malec\u00f3n Tajamar se mantenga detenido desde hace un a\u00f1o gracias a las medidas legales que han tomado y que hac\u00eda inminente una demanda de los desarrolladores contra Fonatur por incumpliento, y es por ello que ahora, en el gobierno federal, buscan protegerse con un resolutivo de la Profepa que pretende hacer creer que el desmonte del manglar fue legal.<\/span><\/p>\n<p style=\"line-height: 16.8pt;background: white;vertical-align: baseline;margin: 1.25rem;text-align: start\"><span style=\"font-family: 'Arial',sans-serif;color: black\">Aracely Dom\u00ednguez dijo que resolutivo es tan \u201cindignante\u201d en sus conclusiones que estaban esperando que pasaran las elecciones para darlo a conocer.<\/span><\/p>\n<p style=\"line-height: 16.8pt;background: white;vertical-align: baseline;margin: 1.25rem;text-align: start\"><span style=\"font-family: 'Arial',sans-serif;color: black\">Se\u00f1al\u00f3 que aunque el conflicto por la devastaci\u00f3n del Malec\u00f3n Tajamar es un tema de orden federal y el gobierno estatal \u201cno puede incidir\u201d en sentido alguno, confi\u00f3 en que el pr\u00f3ximo gobernador, Carlos Joaqu\u00edn Gonz\u00e1lez, tenga un criterio \u201cm\u00e1s amplio\u201d sobre estos temas ambientales.<\/span><\/p>\n<p style=\"line-height: 16.8pt;background: white;vertical-align: baseline;margin: 1.25rem;text-align: start\"><span style=\"font-family: 'Arial',sans-serif;color: black\">De hecho, pidi\u00f3 que Carlos Joaqu\u00edn se pronuncie si est\u00e1 con ellos o no en estos temas de la sociedad civil, aunque, reconoci\u00f3, legalmente su opini\u00f3n no tiene en este caso impacto alguno en el procedimiento legal.<\/span><\/p>\n<p style=\"line-height: 16.8pt;background: white;vertical-align: baseline;margin: 1.25rem;text-align: start\"><span style=\"font-family: 'Arial',sans-serif;color: black\">Caso contrario, explic\u00f3, el gobierno municipal s\u00ed podr\u00eda tener que ver en el tema desde un punto de vista legal por los permisos de chapeo y desmonte que tendr\u00edan que otorgar en caso de que el proyecto avance y que es donde se podr\u00eda solicitar una nueva manifestaci\u00f3n de impacto ambiental para el proyecto.<\/span><\/p>\n<p style=\"line-height: 16.8pt;background: white;vertical-align: baseline;margin: 1.25rem;text-align: start\"><span style=\"font-family: 'Arial',sans-serif;color: black\">Sin embargo, Aracely Dom\u00ednguez se dijo preocupada por la llegada del Partido Verde Ecologista de M\u00e9xico a la presidencia municipal de Benito Ju\u00e1rez porque no han demostrado gobernabilidad en ninguna parte del pa\u00eds.<\/span><\/p>\n<p style=\"line-height: 16.8pt;background: white;vertical-align: baseline;margin: 1.25rem;text-align: start\"><span style=\"font-family: 'Arial',sans-serif;color: black\">Los temas ambientales est\u00e1n en riesgo en Canc\u00fan, coment\u00f3.<\/span><\/p>\n<p style=\"line-height: 16.8pt;background: white;vertical-align: baseline\"><span style=\"font-family: 'Arial',sans-serif;color: black\">Fuente: Noticaribe<\/span><\/p>\n<div class='share-to-whatsapp-wrapper'><div class='share-on-whsp'>Share on: <\/div><a data-text='Apelar\u00e1n el resolutivo de la Profepa sobre el conflicto por la devastaci\u00f3n del Malec\u00f3n Tajamar' data-link='https:\/\/visionpeninsular.com\/mid\/apelaran-el-resolutivo-de-la-profepa-sobre-el-conflicto-por-la-devastacion-del-malecon-tajamar\/' class='whatsapp-button whatsapp-share'>WhatsApp<\/a><div class='clear '><\/div><\/div>","protected":false},"excerpt":{"rendered":"<p>Aracely Dom\u00ednguez, presidenta del Grupo Ecologista del Mayab, rechaz\u00f3 el resolutivo de la Procuradur\u00eda Federal de Protecci\u00f3n al Ambiente (Profepa) que absuelve al Fondo Nacional de Turismo (Fonatur) de la devastaci\u00f3n del manglar realizada en el Malec\u00f3n Tajamar Canc\u00fan y dijo presentar\u00e1n una apelaci\u00f3n. En rueda de prensa en Canc\u00fan, la activista ambiental, denunci\u00f3 que &hellip;<\/p>\n","protected":false},"author":3,"featured_media":5080,"comment_status":"open","ping_status":"open","sticky":false,"template":"","format":"standard","meta":{"_mi_skip_tracking":false},"categories":[47,39],"tags":[89,373],"_links":{"self":[{"href":"https:\/\/visionpeninsular.com\/mid\/wp-json\/wp\/v2\/posts\/5079"}],"collection":[{"href":"https:\/\/visionpeninsular.com\/mid\/wp-json\/wp\/v2\/posts"}],"about":[{"href":"https:\/\/visionpeninsular.com\/mid\/wp-json\/wp\/v2\/types\/post"}],"author":[{"embeddable":true,"href":"https:\/\/visionpeninsular.com\/mid\/wp-json\/wp\/v2\/users\/3"}],"replies":[{"embeddable":true,"href":"https:\/\/visionpeninsular.com\/mid\/wp-json\/wp\/v2\/comments?post=5079"}],"version-history":[{"count":1,"href":"https:\/\/visionpeninsular.com\/mid\/wp-json\/wp\/v2\/posts\/5079\/revisions"}],"predecessor-version":[{"id":5081,"href":"https:\/\/visionpeninsular.com\/mid\/wp-json\/wp\/v2\/posts\/5079\/revisions\/5081"}],"wp:featuredmedia":[{"embeddable":true,"href":"https:\/\/visionpeninsular.com\/mid\/wp-json\/wp\/v2\/media\/5080"}],"wp:attachment":[{"href":"https:\/\/visionpeninsular.com\/mid\/wp-json\/wp\/v2\/media?parent=5079"}],"wp:term":[{"taxonomy":"category","embeddable":true,"href":"https:\/\/visionpeninsular.com\/mid\/wp-json\/wp\/v2\/categories?post=5079"},{"taxonomy":"post_tag","embeddable":true,"href":"https:\/\/visionpeninsular.com\/mid\/wp-json\/wp\/v2\/tags?post=5079"}],"curies":[{"name":"wp","href":"https:\/\/api.w.org\/{rel}","templated":true}]}}