{"id":5076,"date":"2016-06-10T06:55:20","date_gmt":"2016-06-10T11:55:20","guid":{"rendered":"http:\/\/visionpeninsular.com\/mid\/?p=5076"},"modified":"2016-06-10T06:55:20","modified_gmt":"2016-06-10T11:55:20","slug":"aumento-del-costo-de-transporte-publico-en-cancun-es-un-acto-de-irresponsable-dice-ccec","status":"publish","type":"post","link":"https:\/\/visionpeninsular.com\/mid\/aumento-del-costo-de-transporte-publico-en-cancun-es-un-acto-de-irresponsable-dice-ccec\/","title":{"rendered":"Aumento del costo de transporte p\u00fablico en Canc\u00fan es un acto de irresponsable, dice CCEC."},"content":{"rendered":"<p>Debido a que las empresas Autocar y Turic\u00fan aumentaron de forma unilateral el costo del transporte p\u00fablico, el Consejo Coordinador Empresarial del Caribe conden\u00f3 el acto como ego\u00edsta e irresponsable.<\/p>\n<p>El m\u00e1ximo \u00f3rgano empresarial de Canc\u00fan mediante un comunicado dijo que el Ayuntamiento de Benito Ju\u00e1rez es la \u00fanica autoridad facultada para autorizar cambios en la tarifa del transporte p\u00fablico.<\/p>\n<p>Indic\u00f3 que no con el consentimiento de las autoridades municipales y tomar ventaja del cierre de juzgados y oficinas gubernamentales debido al per\u00edodo vacacional, es un acto de profundo ego\u00edsmo e irresponsabilidad por parte de las concesionarias.<\/p>\n<p>Dijo que la ciudad fundamenta su econom\u00eda en la actividad tur\u00edstica y que ese tipo de actos da\u00f1an la imagen de la entidad.<\/p>\n<p>En el comunicado hizo un llamado en\u00e9rgico a las dos empresas concesionarias para que respeten a la sociedad del municipio y que su acto se apegue a los t\u00e9rminos de su concesi\u00f3n, respetando el estado de derecho.<\/p>\n<div class='share-to-whatsapp-wrapper'><div class='share-on-whsp'>Share on: <\/div><a data-text='Aumento del costo de transporte p\u00fablico en Canc\u00fan es un acto de irresponsable, dice CCEC.' data-link='https:\/\/visionpeninsular.com\/mid\/aumento-del-costo-de-transporte-publico-en-cancun-es-un-acto-de-irresponsable-dice-ccec\/' class='whatsapp-button whatsapp-share'>WhatsApp<\/a><div class='clear '><\/div><\/div>","protected":false},"excerpt":{"rendered":"<p>Debido a que las empresas Autocar y Turic\u00fan aumentaron de forma unilateral el costo del transporte p\u00fablico, el Consejo Coordinador Empresarial del Caribe conden\u00f3 el acto como ego\u00edsta e irresponsable. El m\u00e1ximo \u00f3rgano empresarial de Canc\u00fan mediante un comunicado dijo que el Ayuntamiento de Benito Ju\u00e1rez es la \u00fanica autoridad facultada para autorizar cambios en &hellip;<\/p>\n","protected":false},"author":3,"featured_media":5077,"comment_status":"open","ping_status":"open","sticky":false,"template":"","format":"standard","meta":{"_mi_skip_tracking":false},"categories":[47,39],"tags":[115,1109],"_links":{"self":[{"href":"https:\/\/visionpeninsular.com\/mid\/wp-json\/wp\/v2\/posts\/5076"}],"collection":[{"href":"https:\/\/visionpeninsular.com\/mid\/wp-json\/wp\/v2\/posts"}],"about":[{"href":"https:\/\/visionpeninsular.com\/mid\/wp-json\/wp\/v2\/types\/post"}],"author":[{"embeddable":true,"href":"https:\/\/visionpeninsular.com\/mid\/wp-json\/wp\/v2\/users\/3"}],"replies":[{"embeddable":true,"href":"https:\/\/visionpeninsular.com\/mid\/wp-json\/wp\/v2\/comments?post=5076"}],"version-history":[{"count":1,"href":"https:\/\/visionpeninsular.com\/mid\/wp-json\/wp\/v2\/posts\/5076\/revisions"}],"predecessor-version":[{"id":5078,"href":"https:\/\/visionpeninsular.com\/mid\/wp-json\/wp\/v2\/posts\/5076\/revisions\/5078"}],"wp:featuredmedia":[{"embeddable":true,"href":"https:\/\/visionpeninsular.com\/mid\/wp-json\/wp\/v2\/media\/5077"}],"wp:attachment":[{"href":"https:\/\/visionpeninsular.com\/mid\/wp-json\/wp\/v2\/media?parent=5076"}],"wp:term":[{"taxonomy":"category","embeddable":true,"href":"https:\/\/visionpeninsular.com\/mid\/wp-json\/wp\/v2\/categories?post=5076"},{"taxonomy":"post_tag","embeddable":true,"href":"https:\/\/visionpeninsular.com\/mid\/wp-json\/wp\/v2\/tags?post=5076"}],"curies":[{"name":"wp","href":"https:\/\/api.w.org\/{rel}","templated":true}]}}