{"id":50503,"date":"2018-12-18T06:29:25","date_gmt":"2018-12-18T12:29:25","guid":{"rendered":"http:\/\/visionpeninsular.com\/mid\/?p=50503"},"modified":"2018-12-18T06:29:37","modified_gmt":"2018-12-18T12:29:37","slug":"sector-turismo-sugiere-la-plancha-para-festival-de-trova","status":"publish","type":"post","link":"https:\/\/visionpeninsular.com\/mid\/sector-turismo-sugiere-la-plancha-para-festival-de-trova\/","title":{"rendered":"Sector turismo  sugiere  \u201cLa Plancha\u201d para  Festival de Trova"},"content":{"rendered":"\n<p>El presidente de la Asociaci\u00f3n de Agencias Promotoras de Turismode Yucat\u00e1n (AAPROTUY), Armando Casares Espinosa, asegur\u00f3 que el Festival Internacional de la Trova que organiz\u00f3 el gobierno estatal tuvo un buen impacto en el arribo de visitantes al estado, aunque afirm\u00f3 que el evento requiere de mayor planeaci\u00f3n para evitar los contratiempos que origin\u00f3, pues aunque los servicios tur\u00edsticos tuvieron buena captaci\u00f3n de clientes, tambi\u00e9n gener\u00f3 afectaciones a los ciudadanos.<\/p>\n\n\n\n<p>\u00a0\u201cLo \u00fanico que tenemos que ver es que haya m\u00e1s y mejor \u00a0planeaci\u00f3n. Tenemos que avisarle a la gente con tiempo de los foros que habr\u00e1 para que no haya afectaciones. En diciembre no puede haber este tipo de situaciones\u201d, remarc\u00f3 Casares Espinosa; coment\u00f3 que la asociaci\u00f3n que encabeza hizo la propuesta de buscar un sitio que no cause conflictos a la vialidad y que sea adecuado para los eventos, siendo \u201cLa Plancha\u201d el espacio ideal.<\/p>\n\n\n\n<p>\u201cLa Plancha puede ser un lugar definitivo para el evento, en el que incluso existe un proyecto que se tendr\u00eda que retomar. El lugar es ideal porque permite tener un \u00e1rea de estacionamiento, ba\u00f1os e infraestructura en tanto se llega a un proyecto final para ello\u201d, extern\u00f3.<\/p>\n\n\n\n<p>Asimismo, se\u00f1al\u00f3 que, ser\u00eda conveniente pedir a las autoridades que consideren un espacio para que sea la sede adecuada, \u00a0que permita la promoci\u00f3n del estado en \u00e9pocas bajas de afluencia tur\u00edstica, para garantizar el \u00e9xito del evento; remarc\u00f3 que de acuerdo con \u00a0las cifras estatales, unas 25 mil personas fueron a los eventos del Festival Internacional de la Trova, el cual tambi\u00e9n tuvo asistentes de diversas partes del mundo.<\/p>\n\n\n\n<p>Tambi\u00e9n el evento alberg\u00f3 escenarios en Izamal y Valladolid, de modo que no todos los atractivos se concentraron en M\u00e9rida, lo que tambi\u00e9n permiti\u00f3 que m\u00e1s personas sean participantes de las actividades.<\/p>\n\n\n\n<p>\u201cHay que checar los resultados de ocupaci\u00f3n, aunque se sabe que hubo arribo de personas\u201d, finaliz\u00f3.<\/p>\n<div class='share-to-whatsapp-wrapper'><div class='share-on-whsp'>Share on: <\/div><a data-text='Sector turismo  sugiere  \u201cLa Plancha\u201d para  Festival de Trova' data-link='https:\/\/visionpeninsular.com\/mid\/sector-turismo-sugiere-la-plancha-para-festival-de-trova\/' class='whatsapp-button whatsapp-share'>WhatsApp<\/a><div class='clear '><\/div><\/div>","protected":false},"excerpt":{"rendered":"<p>El presidente de la Asociaci\u00f3n de Agencias Promotoras de Turismode Yucat\u00e1n (AAPROTUY), Armando Casares Espinosa, asegur\u00f3 que el Festival Internacional de la Trova que organiz\u00f3 el gobierno estatal tuvo un buen impacto en el arribo de visitantes al estado, aunque afirm\u00f3 que el evento requiere de mayor planeaci\u00f3n para evitar los contratiempos que origin\u00f3, pues &hellip;<\/p>\n","protected":false},"author":5,"featured_media":50552,"comment_status":"open","ping_status":"open","sticky":false,"template":"","format":"standard","meta":{"_mi_skip_tracking":false},"categories":[50,37],"tags":[13682,5020,13681],"_links":{"self":[{"href":"https:\/\/visionpeninsular.com\/mid\/wp-json\/wp\/v2\/posts\/50503"}],"collection":[{"href":"https:\/\/visionpeninsular.com\/mid\/wp-json\/wp\/v2\/posts"}],"about":[{"href":"https:\/\/visionpeninsular.com\/mid\/wp-json\/wp\/v2\/types\/post"}],"author":[{"embeddable":true,"href":"https:\/\/visionpeninsular.com\/mid\/wp-json\/wp\/v2\/users\/5"}],"replies":[{"embeddable":true,"href":"https:\/\/visionpeninsular.com\/mid\/wp-json\/wp\/v2\/comments?post=50503"}],"version-history":[{"count":1,"href":"https:\/\/visionpeninsular.com\/mid\/wp-json\/wp\/v2\/posts\/50503\/revisions"}],"predecessor-version":[{"id":50562,"href":"https:\/\/visionpeninsular.com\/mid\/wp-json\/wp\/v2\/posts\/50503\/revisions\/50562"}],"wp:featuredmedia":[{"embeddable":true,"href":"https:\/\/visionpeninsular.com\/mid\/wp-json\/wp\/v2\/media\/50552"}],"wp:attachment":[{"href":"https:\/\/visionpeninsular.com\/mid\/wp-json\/wp\/v2\/media?parent=50503"}],"wp:term":[{"taxonomy":"category","embeddable":true,"href":"https:\/\/visionpeninsular.com\/mid\/wp-json\/wp\/v2\/categories?post=50503"},{"taxonomy":"post_tag","embeddable":true,"href":"https:\/\/visionpeninsular.com\/mid\/wp-json\/wp\/v2\/tags?post=50503"}],"curies":[{"name":"wp","href":"https:\/\/api.w.org\/{rel}","templated":true}]}}