{"id":50089,"date":"2018-12-16T09:36:07","date_gmt":"2018-12-16T15:36:07","guid":{"rendered":"http:\/\/visionpeninsular.com\/mid\/?p=50089"},"modified":"2018-12-16T09:36:16","modified_gmt":"2018-12-16T15:36:16","slug":"vila-asistira-ceremonia-de-inicio-del-tren-maya","status":"publish","type":"post","link":"https:\/\/visionpeninsular.com\/mid\/vila-asistira-ceremonia-de-inicio-del-tren-maya\/","title":{"rendered":"Vila asistir\u00e1 a ceremonia de inicio del Tren Maya"},"content":{"rendered":"\n<p>El gobernador Mauricio Vila Dosal participar\u00e1 este domingo en la ceremonia a la Madre Tierra e inicio de la rehabilitaci\u00f3n de las v\u00edas f\u00e9rreas Palenque-Esc\u00e1rcega, que marcar\u00e1 el comienzo de los trabajos del proyecto del Tren Maya que impulsa el gobierno del presidente Andr\u00e9s Manuel L\u00f3pez Obrador en conjunto con las autoridades de los cinco estados de la regi\u00f3n sur-sureste.<\/p>\n\n\n\n<p>El mandatario yucateco acudir\u00e1 a este evento, programado para las 10:00 horas en el antiguo aeropuerto de Palenque, junto con sus hom\u00f3logos de Chiapas, Rutilio Escand\u00f3n Cadenas, Tabasco, Arturo N\u00fa\u00f1ez Jim\u00e9nez, Campeche, Alejandro Moreno C\u00e1rdenas y Quintana Roo, Carlos Joaqu\u00edn Gonz\u00e1lez. <\/p>\n\n\n\n<p>Al respecto, el titular del poder Ejecutivo se\u00f1al\u00f3 que este es un proyecto de infraestructura de amplia trascendencia, pues vendr\u00e1 a contribuir al impulso del desarrollo de la regi\u00f3n, no solo en materia tur\u00edstica sino tambi\u00e9n para tener mejor comunicada al \u00e1rea.<\/p>\n<div class='share-to-whatsapp-wrapper'><div class='share-on-whsp'>Share on: <\/div><a data-text='Vila asistir\u00e1 a ceremonia de inicio del Tren Maya' data-link='https:\/\/visionpeninsular.com\/mid\/vila-asistira-ceremonia-de-inicio-del-tren-maya\/' class='whatsapp-button whatsapp-share'>WhatsApp<\/a><div class='clear '><\/div><\/div>","protected":false},"excerpt":{"rendered":"<p>El gobernador Mauricio Vila Dosal participar\u00e1 este domingo en la ceremonia a la Madre Tierra e inicio de la rehabilitaci\u00f3n de las v\u00edas f\u00e9rreas Palenque-Esc\u00e1rcega, que marcar\u00e1 el comienzo de los trabajos del proyecto del Tren Maya que impulsa el gobierno del presidente Andr\u00e9s Manuel L\u00f3pez Obrador en conjunto con las autoridades de los cinco &hellip;<\/p>\n","protected":false},"author":5,"featured_media":50102,"comment_status":"open","ping_status":"open","sticky":false,"template":"","format":"standard","meta":{"_mi_skip_tracking":false},"categories":[50,37],"tags":[],"_links":{"self":[{"href":"https:\/\/visionpeninsular.com\/mid\/wp-json\/wp\/v2\/posts\/50089"}],"collection":[{"href":"https:\/\/visionpeninsular.com\/mid\/wp-json\/wp\/v2\/posts"}],"about":[{"href":"https:\/\/visionpeninsular.com\/mid\/wp-json\/wp\/v2\/types\/post"}],"author":[{"embeddable":true,"href":"https:\/\/visionpeninsular.com\/mid\/wp-json\/wp\/v2\/users\/5"}],"replies":[{"embeddable":true,"href":"https:\/\/visionpeninsular.com\/mid\/wp-json\/wp\/v2\/comments?post=50089"}],"version-history":[{"count":1,"href":"https:\/\/visionpeninsular.com\/mid\/wp-json\/wp\/v2\/posts\/50089\/revisions"}],"predecessor-version":[{"id":50103,"href":"https:\/\/visionpeninsular.com\/mid\/wp-json\/wp\/v2\/posts\/50089\/revisions\/50103"}],"wp:featuredmedia":[{"embeddable":true,"href":"https:\/\/visionpeninsular.com\/mid\/wp-json\/wp\/v2\/media\/50102"}],"wp:attachment":[{"href":"https:\/\/visionpeninsular.com\/mid\/wp-json\/wp\/v2\/media?parent=50089"}],"wp:term":[{"taxonomy":"category","embeddable":true,"href":"https:\/\/visionpeninsular.com\/mid\/wp-json\/wp\/v2\/categories?post=50089"},{"taxonomy":"post_tag","embeddable":true,"href":"https:\/\/visionpeninsular.com\/mid\/wp-json\/wp\/v2\/tags?post=50089"}],"curies":[{"name":"wp","href":"https:\/\/api.w.org\/{rel}","templated":true}]}}