{"id":4985,"date":"2016-06-08T14:44:54","date_gmt":"2016-06-08T19:44:54","guid":{"rendered":"http:\/\/visionpeninsular.com\/mid\/?p=4985"},"modified":"2016-06-08T14:44:54","modified_gmt":"2016-06-08T19:44:54","slug":"grupo-modelo-celebrara-todo-junio-al-medio-ambiente","status":"publish","type":"post","link":"https:\/\/visionpeninsular.com\/mid\/grupo-modelo-celebrara-todo-junio-al-medio-ambiente\/","title":{"rendered":"Grupo Modelo celebrar\u00e1 todo junio al medio ambiente"},"content":{"rendered":"<p style=\"text-align: justify;line-height: 18.0pt;background: white;vertical-align: baseline;margin: 0cm 0cm 9.75pt 0cm\"><span style=\"font-family: 'Arial',sans-serif\">Con los objetivos de contribuir a mejorar la calidad de vida de los yucatecos as\u00ed como generar conciencia de protecci\u00f3n al ambiente a trav\u00e9s de la acci\u00f3n social y comunitaria en actividades ecol\u00f3gicas, Grupo Modelo celebrar\u00e1 al Medio Ambiente durante todo el mes de Junio.<\/span><\/p>\n<p style=\"text-align: justify;line-height: 18.0pt;background: white;vertical-align: baseline;margin: 0cm 0cm 9.75pt 0cm\"><span style=\"font-family: 'Arial',sans-serif\">Este domingo, Grupo Modelo particip\u00f3 en la reforestaci\u00f3n del Paseo Verde con la siembra de 894 \u00e1rboles en evento convocado por el Gobierno del Estado y la C\u00e1mara Nacional de Comercio (Canaco Servytur) y en el que tambi\u00e9n participaron dependencias estatales y federales, as\u00ed como otras empresas y asociaciones civiles.<\/span><\/p>\n<p style=\"text-align: justify;line-height: 18.0pt;background: white;vertical-align: baseline;margin: 0cm 0cm 9.75pt 0cm\"><span style=\"font-family: 'Arial',sans-serif\">Del 10 al 12 del presente Grupo Modelo participar\u00e1 en la Expo Foro Ambiental 2016, organizada por la CANACO y la Secretar\u00eda de Desarrollo Urbano y Medio Ambiente, que se realizar\u00e1 en el Centro de Convenciones Yucat\u00e1n Siglo XXI, en la que las diversas empresas e instituciones socialmente responsables exponen sus buenas pr\u00e1cticas de protecci\u00f3n al ambiente y desarrollo sustentable.<\/span><\/p>\n<p style=\"text-align: justify;line-height: 18.0pt;background: white;vertical-align: baseline;margin: 0cm 0cm 9.75pt 0cm\"><span style=\"font-family: 'Arial',sans-serif\">Una constante del grupo de Voluntarios Modelo es la limpieza de playas, actividad que han realizado en distintos puntos de la costa yucateca, por lo que los pr\u00f3ximos 11 y 18 de Junio, a partir de las 8 hrs, trabajar\u00e1n en el Puerto de Yucalpet\u00e9n con invitaci\u00f3n abierta a todo el que desee sumarse y contribuir con esta causa.<\/span><\/p>\n<p style=\"text-align: justify;line-height: 18.0pt;background: white;vertical-align: baseline;margin: 0cm 0cm 9.75pt 0cm\"><span style=\"font-family: 'Arial',sans-serif\">El d\u00eda 25 de junio el grupo de Voluntarios Modelo se trasladar\u00e1 a Hunucm\u00e1, municipio donde Grupo Modelo construye la planta de Cervecer\u00eda Yucateca, para llevar al cabo la reforestaci\u00f3n y limpieza en la Explanada y Parque Sampool, Parque Tres Reyes, Parque Itzimn\u00e1 y la Avenida Principal, en donde adem\u00e1s plantar\u00e1n en total 350 \u00e1rboles y le dar\u00e1n un nuevo rostro a ese sitio con trabajos de pintura, acondicionamiento y mejora de imagen.<\/span><\/p>\n<p style=\"text-align: justify;line-height: 18.0pt;background: white;vertical-align: baseline;margin: 0cm 0cm 9.75pt 0cm\"><span style=\"font-family: 'Arial',sans-serif\">Como parte de la reforestaci\u00f3n se plantar\u00e1n principalmente \u00e1rboles de flamboy\u00e1n y de huano tanto en los parques como en la ciclopista de la Explanada Sampool y a lo largo de la Avenida Principal. Participar\u00e1n en total 500 voluntarios entre personal de Grupo Modelo y Cervecer\u00eda Yucateca as\u00ed como habitantes de Hunucm\u00e1.<\/span><\/p>\n<p style=\"text-align: justify;line-height: 18.0pt;background: white;vertical-align: baseline;margin: 0cm 0cm 9.75pt 0cm\"><span style=\"font-family: 'Arial',sans-serif\">Grupo Modelo invita a todos los interesados en participar en estas actividades a favor del medio ambiente a sumarse al grupo de Voluntarios Modelo con solo registrarse en el sitio web www.voluntariosmodelo.com.mx y consultar ah\u00ed mismo la ubicaci\u00f3n exacta de cada uno de los eventos.<\/span><\/p>\n<div class='share-to-whatsapp-wrapper'><div class='share-on-whsp'>Share on: <\/div><a data-text='Grupo Modelo celebrar\u00e1 todo junio al medio ambiente' data-link='https:\/\/visionpeninsular.com\/mid\/grupo-modelo-celebrara-todo-junio-al-medio-ambiente\/' class='whatsapp-button whatsapp-share'>WhatsApp<\/a><div class='clear '><\/div><\/div>","protected":false},"excerpt":{"rendered":"<p>Con los objetivos de contribuir a mejorar la calidad de vida de los yucatecos as\u00ed como generar conciencia de protecci\u00f3n al ambiente a trav\u00e9s de la acci\u00f3n social y comunitaria en actividades ecol\u00f3gicas, Grupo Modelo celebrar\u00e1 al Medio Ambiente durante todo el mes de Junio. Este domingo, Grupo Modelo particip\u00f3 en la reforestaci\u00f3n del Paseo &hellip;<\/p>\n","protected":false},"author":3,"featured_media":4986,"comment_status":"open","ping_status":"open","sticky":false,"template":"","format":"standard","meta":{"_mi_skip_tracking":false},"categories":[50,37],"tags":[1089,475],"_links":{"self":[{"href":"https:\/\/visionpeninsular.com\/mid\/wp-json\/wp\/v2\/posts\/4985"}],"collection":[{"href":"https:\/\/visionpeninsular.com\/mid\/wp-json\/wp\/v2\/posts"}],"about":[{"href":"https:\/\/visionpeninsular.com\/mid\/wp-json\/wp\/v2\/types\/post"}],"author":[{"embeddable":true,"href":"https:\/\/visionpeninsular.com\/mid\/wp-json\/wp\/v2\/users\/3"}],"replies":[{"embeddable":true,"href":"https:\/\/visionpeninsular.com\/mid\/wp-json\/wp\/v2\/comments?post=4985"}],"version-history":[{"count":1,"href":"https:\/\/visionpeninsular.com\/mid\/wp-json\/wp\/v2\/posts\/4985\/revisions"}],"predecessor-version":[{"id":4987,"href":"https:\/\/visionpeninsular.com\/mid\/wp-json\/wp\/v2\/posts\/4985\/revisions\/4987"}],"wp:featuredmedia":[{"embeddable":true,"href":"https:\/\/visionpeninsular.com\/mid\/wp-json\/wp\/v2\/media\/4986"}],"wp:attachment":[{"href":"https:\/\/visionpeninsular.com\/mid\/wp-json\/wp\/v2\/media?parent=4985"}],"wp:term":[{"taxonomy":"category","embeddable":true,"href":"https:\/\/visionpeninsular.com\/mid\/wp-json\/wp\/v2\/categories?post=4985"},{"taxonomy":"post_tag","embeddable":true,"href":"https:\/\/visionpeninsular.com\/mid\/wp-json\/wp\/v2\/tags?post=4985"}],"curies":[{"name":"wp","href":"https:\/\/api.w.org\/{rel}","templated":true}]}}