{"id":4964,"date":"2016-06-08T09:19:56","date_gmt":"2016-06-08T14:19:56","guid":{"rendered":"http:\/\/visionpeninsular.com\/mid\/?p=4964"},"modified":"2016-06-08T09:19:56","modified_gmt":"2016-06-08T14:19:56","slug":"convenio-entre-crit-yucatan-y-codehey-permitira-desarrollar-talleres-de-capacitacion-para-todas-las-familias-del-estado","status":"publish","type":"post","link":"https:\/\/visionpeninsular.com\/mid\/convenio-entre-crit-yucatan-y-codehey-permitira-desarrollar-talleres-de-capacitacion-para-todas-las-familias-del-estado\/","title":{"rendered":"Convenio entre CRIT-Yucat\u00e1n y CODEHEY permitir\u00e1 desarrollar talleres de capacitaci\u00f3n para todas las familias del Estado"},"content":{"rendered":"<p style=\"margin: 0cm;margin-bottom: .0001pt;background: white\"><span style=\"font-family: 'Arial',sans-serif;color: black\">La Comisi\u00f3n de Derechos Humanos del Estado de Yucat\u00e1n sign\u00f3 un convenio de colaboraci\u00f3n con el Centro de Rehabilitaci\u00f3n Infantil Telet\u00f3n \u2013 Yucat\u00e1n (Crit-Yucat\u00e1n) que permitir\u00e1 desarrollar seis meses continuos de talleres de capacitaci\u00f3n en materia de inclusi\u00f3n, prevenci\u00f3n de violencia familiar y escolar, entre otros, dirigido adem\u00e1s de trabajadores y voluntarios del instituto, a los usuarios y madres y padres de familia.<\/span><\/p>\n<p style=\"margin: 0cm;margin-bottom: .0001pt;background: white\"><span style=\"font-family: 'Arial',sans-serif;color: black\">\u00a0<\/span><\/p>\n<p style=\"margin: 0cm;margin-bottom: .0001pt;background: white\"><span style=\"font-family: 'Arial',sans-serif;color: black\">El Ombudsman, Jos\u00e9 Enrique Goff Ailloud destac\u00f3 que se han registrado avances importantes en materia de discapacidad y que Yucat\u00e1n cuenta con una ley estatal armonizada con la general, menos asistencialista y m\u00e1s incluyente, la cual contempla programas para el desarrollo de las capacidades de las personas con discapacidad y reconoce los derechos y principios contenidos en la Convenci\u00f3n sobre Derechos de las Personas con Discapacidad de las Naciones Unidas.<\/span><\/p>\n<p style=\"margin: 0cm;margin-bottom: .0001pt;background: white\"><span style=\"font-family: 'Arial',sans-serif;color: black\">\u00a0<\/span><\/p>\n<p style=\"margin: 0cm;margin-bottom: .0001pt;background: white\"><span style=\"font-family: 'Arial',sans-serif;color: black\">Sin embargo se\u00f1al\u00f3 que las principales problem\u00e1ticas a las que se enfrentan las personas con discapacidad son la inclusi\u00f3n laboral y educativa, as\u00ed como la accesibilidad en infraestructura urbana y transporte.<\/span><\/p>\n<p style=\"margin: 0cm;margin-bottom: .0001pt;background: white\"><span style=\"font-family: 'Arial',sans-serif;color: black\">\u00a0<\/span><\/p>\n<p style=\"margin: 0cm;margin-bottom: .0001pt;background: white\"><span style=\"font-family: 'Arial',sans-serif;color: black\">Goff Ailloud destac\u00f3 que es necesario que los 106 municipios del Estado cuenten con reglamentos que establezcan que las construcciones e infraestructuras urbanas garanticen una adecuada accesibilidad para las personas con discapacidad y los adultos mayores.<\/span><\/p>\n<p style=\"margin: 0cm;margin-bottom: .0001pt;background: white\"><span style=\"font-family: 'Arial',sans-serif;color: black\">\u00a0<\/span><\/p>\n<p style=\"margin: 0cm;margin-bottom: .0001pt;background: white\"><span style=\"font-family: 'Arial',sans-serif;color: black\">Sobre el mismo tema, indic\u00f3 que el d\u00eda 22 de junio se impartir\u00e1 un taller a integrantes de organizaciones de la sociedad civil, sobre el Mecanismo de Seguimiento de la Convenci\u00f3n sobre los Derechos de las Personas con Discapacidad de las Naciones Unidas.<\/span><\/p>\n<p style=\"margin: 0cm;margin-bottom: .0001pt;background: white\"><span style=\"font-family: 'Arial',sans-serif;color: black\">\u00a0<\/span><\/p>\n<p style=\"margin: 0cm;margin-bottom: .0001pt;background: white\"><span style=\"font-family: 'Arial',sans-serif;color: black\">Esta capacitaci\u00f3n ayudar\u00e1 a que las organizaciones sociales puedan participar activamente en la elaboraci\u00f3n del informe que enviar\u00e1 M\u00e9xico a Naciones Unidas, como cada cuatro a\u00f1os, para evaluar los avances y retos en materia de discapacidad.<\/span><\/p>\n<p style=\"margin: 0cm;margin-bottom: .0001pt;background: white\"><span style=\"font-family: 'Arial',sans-serif;color: black\">\u00a0<\/span><\/p>\n<p style=\"margin: 0cm;margin-bottom: .0001pt;background: white\"><span style=\"font-family: 'Arial',sans-serif;color: black\">Asimismo, anunci\u00f3 que conjuntamente con el DIF Yucat\u00e1n realizar\u00e1n un curso de capacitaci\u00f3n dirigido a jefes de prensa de direcciones y Secretar\u00edas del Poder Ejecutivo a fin de promover el lenguaje incluyente y evitar as\u00ed, utilizar t\u00e9rminos inapropiados, despectivos o discriminatorios por desconocimiento en la materia.<\/span><\/p>\n<p style=\"margin: 0cm;margin-bottom: .0001pt;background: white\"><span style=\"font-family: 'Arial',sans-serif;color: black\">\u00a0<\/span><\/p>\n<p style=\"margin: 0cm;margin-bottom: .0001pt;background: white\"><span style=\"font-family: 'Arial',sans-serif;color: black\">\u201cCon esto buscamos que todas las personas que leen y escuchan la informaci\u00f3n difundida en medios de comunicaci\u00f3n se familiaricen y repliquen los t\u00e9rminos apropiados\u201d, precis\u00f3.<\/span><\/p>\n<p style=\"margin: 0cm;margin-bottom: .0001pt;background: white\"><span style=\"font-family: 'Arial',sans-serif;color: black\">\u00a0<\/span><\/p>\n<p style=\"margin: 0cm;margin-bottom: .0001pt;background: white\"><span style=\"font-family: 'Arial',sans-serif;color: black\">Por su parte, la directora del Crit Yucat\u00e1n, Rosa Mar\u00eda de los Dolores S\u00e1nchez Escalante destac\u00f3 que el convenio permitir\u00e1 trabajar en el cuidado de los derechos humanos de los ni\u00f1os y j\u00f3venes que acuden al Centro.<\/span><\/p>\n<p style=\"margin: 0cm;margin-bottom: .0001pt;background: white\"><span style=\"font-family: 'Arial',sans-serif;color: black\">\u00a0<\/span><\/p>\n<p style=\"margin: 0cm;margin-bottom: .0001pt;background: white\"><span style=\"font-family: 'Arial',sans-serif;color: black\">Hizo un llamado a las instituciones con las que ya se desarrolla un trabajo conjunto, establecer un frente com\u00fan que permita garantizar la plena inclusi\u00f3n de las personas con discapacidad.<\/span><\/p>\n<p style=\"margin: 0cm;margin-bottom: .0001pt;background: white\"><span style=\"font-family: 'Arial',sans-serif;color: black\">\u00a0<\/span><\/p>\n<p style=\"margin: 0cm;margin-bottom: .0001pt;background: white\"><span style=\"font-family: 'Arial',sans-serif;color: black\">El convenio permitir\u00e1 realizar diversas acciones de difusi\u00f3n y promoci\u00f3n de respeto de los derechos humanos de las personas con discapacidad y sus familias.<\/span><\/p>\n<p style=\"margin: 0cm;margin-bottom: .0001pt;background: white\"><span style=\"font-family: 'Arial',sans-serif;color: black\">\u00a0<\/span><\/p>\n<p style=\"margin: 0cm;margin-bottom: .0001pt;background: white\"><span style=\"font-family: 'Arial',sans-serif;color: black\">A la firma de convenio, asistieron los Consejeros Consultivos, Pilar Larrea Pe\u00f3n, Miriam Jure Cej\u00edn, Marcia Lara Ruiz y Jos\u00e9 Luis S\u00e1nchez Gonz\u00e1lez.<\/span><\/p>\n<p style=\"margin: 0cm;margin-bottom: .0001pt;background: white\"><span style=\"font-family: 'Arial',sans-serif;color: black\">Fuente: Yucat\u00e1n al minuto<\/span><\/p>\n<div class='share-to-whatsapp-wrapper'><div class='share-on-whsp'>Share on: <\/div><a data-text='Convenio entre CRIT-Yucat\u00e1n y CODEHEY permitir\u00e1 desarrollar talleres de capacitaci\u00f3n para todas las familias del Estado' data-link='https:\/\/visionpeninsular.com\/mid\/convenio-entre-crit-yucatan-y-codehey-permitira-desarrollar-talleres-de-capacitacion-para-todas-las-familias-del-estado\/' class='whatsapp-button whatsapp-share'>WhatsApp<\/a><div class='clear '><\/div><\/div>","protected":false},"excerpt":{"rendered":"<p>La Comisi\u00f3n de Derechos Humanos del Estado de Yucat\u00e1n sign\u00f3 un convenio de colaboraci\u00f3n con el Centro de Rehabilitaci\u00f3n Infantil Telet\u00f3n \u2013 Yucat\u00e1n (Crit-Yucat\u00e1n) que permitir\u00e1 desarrollar seis meses continuos de talleres de capacitaci\u00f3n en materia de inclusi\u00f3n, prevenci\u00f3n de violencia familiar y escolar, entre otros, dirigido adem\u00e1s de trabajadores y voluntarios del instituto, a &hellip;<\/p>\n","protected":false},"author":3,"featured_media":4965,"comment_status":"open","ping_status":"open","sticky":false,"template":"","format":"standard","meta":{"_mi_skip_tracking":false},"categories":[50,37],"tags":[468,1083],"_links":{"self":[{"href":"https:\/\/visionpeninsular.com\/mid\/wp-json\/wp\/v2\/posts\/4964"}],"collection":[{"href":"https:\/\/visionpeninsular.com\/mid\/wp-json\/wp\/v2\/posts"}],"about":[{"href":"https:\/\/visionpeninsular.com\/mid\/wp-json\/wp\/v2\/types\/post"}],"author":[{"embeddable":true,"href":"https:\/\/visionpeninsular.com\/mid\/wp-json\/wp\/v2\/users\/3"}],"replies":[{"embeddable":true,"href":"https:\/\/visionpeninsular.com\/mid\/wp-json\/wp\/v2\/comments?post=4964"}],"version-history":[{"count":1,"href":"https:\/\/visionpeninsular.com\/mid\/wp-json\/wp\/v2\/posts\/4964\/revisions"}],"predecessor-version":[{"id":4966,"href":"https:\/\/visionpeninsular.com\/mid\/wp-json\/wp\/v2\/posts\/4964\/revisions\/4966"}],"wp:featuredmedia":[{"embeddable":true,"href":"https:\/\/visionpeninsular.com\/mid\/wp-json\/wp\/v2\/media\/4965"}],"wp:attachment":[{"href":"https:\/\/visionpeninsular.com\/mid\/wp-json\/wp\/v2\/media?parent=4964"}],"wp:term":[{"taxonomy":"category","embeddable":true,"href":"https:\/\/visionpeninsular.com\/mid\/wp-json\/wp\/v2\/categories?post=4964"},{"taxonomy":"post_tag","embeddable":true,"href":"https:\/\/visionpeninsular.com\/mid\/wp-json\/wp\/v2\/tags?post=4964"}],"curies":[{"name":"wp","href":"https:\/\/api.w.org\/{rel}","templated":true}]}}