{"id":49027,"date":"2018-12-13T11:44:01","date_gmt":"2018-12-13T17:44:01","guid":{"rendered":"http:\/\/visionpeninsular.com\/mid\/?p=49027"},"modified":"2018-12-13T11:44:11","modified_gmt":"2018-12-13T17:44:11","slug":"domingo-16-de-diciembre-sera-la-carrera-del-pavo","status":"publish","type":"post","link":"https:\/\/visionpeninsular.com\/mid\/domingo-16-de-diciembre-sera-la-carrera-del-pavo\/","title":{"rendered":"Domingo 16 de diciembre ser\u00e1 la carrera del pavo."},"content":{"rendered":"\n<p>En rueda de prensa efectuada en el restaurante Manjar Blanco, se dieron los pormenores de la competencia y la camiseta conmemorativa y se dijo tener todo listo para que el pr\u00f3ximo domingo 16 de diciembre se realice la tradicional Carrera del Pavo en el Paseo de Montejo.<\/p>\n\n\n\n<p>Ante medios de comunicaci\u00f3n y representantes de clubes, el Circuito Atl\u00e9tico Ko\u2019onex Alkab que encabeza Manuel Cauich Verde, acompa\u00f1ado de Arm\u00edn Lizama C\u00f3rdova, art\u00edfice de esta justa, y Francisco Moreno Tzuc, director t\u00e9cnico del Circuito, se destac\u00f3 que la edici\u00f3n 2018 vuelve al emblem\u00e1tico Paseo de Montejo, tal como en su formato original, pero esta vez con una distancia de 14 kil\u00f3metros.<\/p>\n\n\n\n<p>El disparo de salida y la meta, se ubicar\u00e1 en la calle 47 de \u201cEl Remate\u201d \u00a0del \u00a0Paseo, \u00a0y tambi\u00e9n se contar\u00e1 con la caminata de tres kil\u00f3metros. Los organizadores destacaron la gran respuesta de atletas que a\u00f1o con a\u00f1o no faltan a esta carrera que premiar\u00e1 del 1 al 5 sitio en todas las categor\u00edas y en ambas ramas.<\/p>\n\n\n\n<p>En el evento donde tambi\u00e9n asisti\u00f3 Jorge Mart\u00edn Gamboa Wong, director de Bienestar Social del Ayuntamiento de M\u00e9rida, se hizo especial \u00e9nfasis en la fiesta deportiva que se tiene preparada, con m\u00fasica y grupos art\u00edsticos en diversos puntos del derrotero que imprimir\u00e1n el ambiente navide\u00f1o distintivo de esta competencia, adem\u00e1s tambi\u00e9n habr\u00e1 rifa de pavos congelados.<\/p>\n\n\n\n<p>El cupo es limitado y hasta el momento las inscripcionessiguen abiertas en l\u00ednea a trav\u00e9s de www.dashport.run y en forma presencial acudiendo a la tienda deportiva Top Runners as\u00ed como en las oficinas del Circuito en Calle 57-C #660 x 12 fraccionamiento Del Parque.<\/p>\n\n\n\n<p>A la rueda de prensa, tambi\u00e9n asisti\u00f3 Manuel Monjiote Hercila, director de Promoci\u00f3n Deportiva del Instituto del Deporte del Estado de Yucat\u00e1n, quien invit\u00f3 al p\u00fablico en general para asistir desde las 6:45 horas y as\u00ed animar a los competidores en su salida.<\/p>\n<div class='share-to-whatsapp-wrapper'><div class='share-on-whsp'>Share on: <\/div><a data-text='Domingo 16 de diciembre ser\u00e1 la carrera del pavo.' data-link='https:\/\/visionpeninsular.com\/mid\/domingo-16-de-diciembre-sera-la-carrera-del-pavo\/' class='whatsapp-button whatsapp-share'>WhatsApp<\/a><div class='clear '><\/div><\/div>","protected":false},"excerpt":{"rendered":"<p>En rueda de prensa efectuada en el restaurante Manjar Blanco, se dieron los pormenores de la competencia y la camiseta conmemorativa y se dijo tener todo listo para que el pr\u00f3ximo domingo 16 de diciembre se realice la tradicional Carrera del Pavo en el Paseo de Montejo. Ante medios de comunicaci\u00f3n y representantes de clubes, &hellip;<\/p>\n","protected":false},"author":5,"featured_media":49040,"comment_status":"open","ping_status":"open","sticky":false,"template":"","format":"standard","meta":{"_mi_skip_tracking":false},"categories":[50,37],"tags":[13636,13637],"_links":{"self":[{"href":"https:\/\/visionpeninsular.com\/mid\/wp-json\/wp\/v2\/posts\/49027"}],"collection":[{"href":"https:\/\/visionpeninsular.com\/mid\/wp-json\/wp\/v2\/posts"}],"about":[{"href":"https:\/\/visionpeninsular.com\/mid\/wp-json\/wp\/v2\/types\/post"}],"author":[{"embeddable":true,"href":"https:\/\/visionpeninsular.com\/mid\/wp-json\/wp\/v2\/users\/5"}],"replies":[{"embeddable":true,"href":"https:\/\/visionpeninsular.com\/mid\/wp-json\/wp\/v2\/comments?post=49027"}],"version-history":[{"count":1,"href":"https:\/\/visionpeninsular.com\/mid\/wp-json\/wp\/v2\/posts\/49027\/revisions"}],"predecessor-version":[{"id":49041,"href":"https:\/\/visionpeninsular.com\/mid\/wp-json\/wp\/v2\/posts\/49027\/revisions\/49041"}],"wp:featuredmedia":[{"embeddable":true,"href":"https:\/\/visionpeninsular.com\/mid\/wp-json\/wp\/v2\/media\/49040"}],"wp:attachment":[{"href":"https:\/\/visionpeninsular.com\/mid\/wp-json\/wp\/v2\/media?parent=49027"}],"wp:term":[{"taxonomy":"category","embeddable":true,"href":"https:\/\/visionpeninsular.com\/mid\/wp-json\/wp\/v2\/categories?post=49027"},{"taxonomy":"post_tag","embeddable":true,"href":"https:\/\/visionpeninsular.com\/mid\/wp-json\/wp\/v2\/tags?post=49027"}],"curies":[{"name":"wp","href":"https:\/\/api.w.org\/{rel}","templated":true}]}}