{"id":4885,"date":"2016-06-07T14:02:37","date_gmt":"2016-06-07T19:02:37","guid":{"rendered":"http:\/\/visionpeninsular.com\/mid\/?p=4885"},"modified":"2016-06-07T14:02:37","modified_gmt":"2016-06-07T19:02:37","slug":"jaraneros-de-merida-ganan-certamen-nacional","status":"publish","type":"post","link":"https:\/\/visionpeninsular.com\/mid\/jaraneros-de-merida-ganan-certamen-nacional\/","title":{"rendered":"Jaraneros de M\u00e9rida ganan certamen nacional"},"content":{"rendered":"<p style=\"line-height: 18.0pt;background: white;vertical-align: baseline;margin: 0cm 0cm 9.75pt 0cm\"><span style=\"font-family: 'Arial',sans-serif\">Integrantes del Ballet Folcl\u00f3rico del Adulto Mayor del Ayuntamiento de M\u00e9rida visitaron ayer al presidente municipal, Mauricio Vila Dosal, a quien le entregaron el trofeo del primer lugar que ganaron el 22 de mayo ppdo. en el \u201cEncuentro Nacional de Adultos Mayores Grupos, Ballets y Compa\u00f1\u00edas de Danza Folcl\u00f3rica\u201d, en Chiautempan, Tlaxcala.<\/span><\/p>\n<p style=\"line-height: 18.0pt;background: white;vertical-align: baseline;text-align: start;margin: 0cm 0cm 9.75pt 0cm\"><span style=\"font-family: 'Arial',sans-serif\">Miguel \u00c1ngel Estrella Itz\u00e1, director del grupo, explic\u00f3 que en la competencia participaron representantes de Puebla, Veracruz, Tlaxcala, Yucat\u00e1n y de la Ciudad de M\u00e9xico.<\/span><\/p>\n<p style=\"line-height: 18.0pt;background: white;vertical-align: baseline;margin: 0cm 0cm 9.75pt 0cm\"><span style=\"font-family: 'Arial',sans-serif\">Despu\u00e9s de tomarse la foto del recuerdo en el balc\u00f3n de Palacio, los integrantes del ballet entregaron su trofeo y un paquete de dulces de Tlaxcala al alcalde, quien en correspondencia les regal\u00f3 un pin con el escudo de la ciudad a cada uno.<\/span><\/p>\n<p style=\"line-height: 18.0pt;background: white;vertical-align: baseline;text-align: start;margin: 0cm 0cm 9.75pt 0cm\"><span style=\"font-family: 'Arial',sans-serif\">Tambi\u00e9n estuvo presente V\u00edctor Hugo Lozano Poveda, coordinador general de Pol\u00edtica Comunitaria, a quien el ballet le regal\u00f3 el reconocimiento que recibieron en el concurso.<\/span><\/p>\n<div class='share-to-whatsapp-wrapper'><div class='share-on-whsp'>Share on: <\/div><a data-text='Jaraneros de M\u00e9rida ganan certamen nacional' data-link='https:\/\/visionpeninsular.com\/mid\/jaraneros-de-merida-ganan-certamen-nacional\/' class='whatsapp-button whatsapp-share'>WhatsApp<\/a><div class='clear '><\/div><\/div>","protected":false},"excerpt":{"rendered":"<p>Integrantes del Ballet Folcl\u00f3rico del Adulto Mayor del Ayuntamiento de M\u00e9rida visitaron ayer al presidente municipal, Mauricio Vila Dosal, a quien le entregaron el trofeo del primer lugar que ganaron el 22 de mayo ppdo. en el \u201cEncuentro Nacional de Adultos Mayores Grupos, Ballets y Compa\u00f1\u00edas de Danza Folcl\u00f3rica\u201d, en Chiautempan, Tlaxcala. Miguel \u00c1ngel Estrella &hellip;<\/p>\n","protected":false},"author":3,"featured_media":4886,"comment_status":"open","ping_status":"open","sticky":false,"template":"","format":"standard","meta":{"_mi_skip_tracking":false},"categories":[49,37],"tags":[1059,1058],"_links":{"self":[{"href":"https:\/\/visionpeninsular.com\/mid\/wp-json\/wp\/v2\/posts\/4885"}],"collection":[{"href":"https:\/\/visionpeninsular.com\/mid\/wp-json\/wp\/v2\/posts"}],"about":[{"href":"https:\/\/visionpeninsular.com\/mid\/wp-json\/wp\/v2\/types\/post"}],"author":[{"embeddable":true,"href":"https:\/\/visionpeninsular.com\/mid\/wp-json\/wp\/v2\/users\/3"}],"replies":[{"embeddable":true,"href":"https:\/\/visionpeninsular.com\/mid\/wp-json\/wp\/v2\/comments?post=4885"}],"version-history":[{"count":1,"href":"https:\/\/visionpeninsular.com\/mid\/wp-json\/wp\/v2\/posts\/4885\/revisions"}],"predecessor-version":[{"id":4887,"href":"https:\/\/visionpeninsular.com\/mid\/wp-json\/wp\/v2\/posts\/4885\/revisions\/4887"}],"wp:featuredmedia":[{"embeddable":true,"href":"https:\/\/visionpeninsular.com\/mid\/wp-json\/wp\/v2\/media\/4886"}],"wp:attachment":[{"href":"https:\/\/visionpeninsular.com\/mid\/wp-json\/wp\/v2\/media?parent=4885"}],"wp:term":[{"taxonomy":"category","embeddable":true,"href":"https:\/\/visionpeninsular.com\/mid\/wp-json\/wp\/v2\/categories?post=4885"},{"taxonomy":"post_tag","embeddable":true,"href":"https:\/\/visionpeninsular.com\/mid\/wp-json\/wp\/v2\/tags?post=4885"}],"curies":[{"name":"wp","href":"https:\/\/api.w.org\/{rel}","templated":true}]}}