{"id":48786,"date":"2018-12-12T11:52:07","date_gmt":"2018-12-12T17:52:07","guid":{"rendered":"http:\/\/visionpeninsular.com\/mid\/?p=48786"},"modified":"2018-12-12T12:06:07","modified_gmt":"2018-12-12T18:06:07","slug":"esta-manana-de-miercoles-la-mas-fria-en-yucatan-en-abala-despiertan-5oc","status":"publish","type":"post","link":"https:\/\/visionpeninsular.com\/mid\/esta-manana-de-miercoles-la-mas-fria-en-yucatan-en-abala-despiertan-5oc\/","title":{"rendered":"Esta ma\u00f1ana de mi\u00e9rcoles, la m\u00e1s fr\u00eda en Yucat\u00e1n; en Abal\u00e1 despiertan a 5\u00baC"},"content":{"rendered":"\n<p>La ma\u00f1ana de este mi\u00e9rcoles ha sido una de las m\u00e1s fr\u00edas porlo menos desde el 2010 para un mes de diciembre, debido a que varias comunidades de Yucat\u00e1n han reportado temperaturas por debajo de los 10\u00baC, informa el OCPY de la Conagua.<\/p>\n\n\n\n<p>Como tradicionalmente sucede, las comunidades del sur del\nestado han sido las que han resentido los valores m\u00e1s bajos, en esta ocasi\u00f3n\npor la masa de aire fr\u00edo que impuls\u00f3 al sistema frontal 16.<\/p>\n\n\n\n<p>Abal\u00e1 ha reportado el registro m\u00e1s bajo con 5\u00baC, mientras\nque en M\u00e9rida el registro m\u00e1s bajo ha sido de 9.8\u00baC<\/p>\n\n\n\n<p>Para los d\u00edas siguientes seguir\u00e1n las noches y ma\u00f1anas de fr\u00edas a frescas, aunque la tendencia que se empezar\u00e1 a observar en los registros m\u00ednimos ser\u00e1 al alza.<\/p>\n\n\n\n<p>No obstante, se prev\u00e9 la llegada de un nuevo sistemas frontal para el fin de semana, por lo que se prolongar\u00edan estas condiciones.<\/p>\n\n\n\n<p>Debido a lo anterior, se recomienda a la ciudadan\u00eda tomar las precauciones necesarias y mantenerse debidamente abrigados por las noches y ma\u00f1anas, especialmente ni\u00f1os y personas de la tercera edad.<\/p>\n\n\n\n<p>Registro de temperaturas m\u00ednimas esta ma\u00f1ana en Yucat\u00e1n:<\/p>\n\n\n\n<p>Abal\u00e1 5\u00baC; Oxkutzcab 7\u00baC; Mococh\u00e1 7\u00baC ;Tantak\u00edn 8\u00baC; Becanch\u00e9n 9\u00baC;\u00a0 Peto 9\u00baC;\u00a0 Ticul 9.5\u00baC; Cantamayec 10\u00baC.<\/p>\n\n\n\n<p>El promedio de registros m\u00ednimos en la entidad fue de 10.1\u00baC<\/p>\n\n\n\n<p>\u2013 Registro de temperaturas m\u00ednimas esta ma\u00f1ana en M\u00e9rida:<\/p>\n\n\n\n<p>Observatorio (sur) 9.8\u00baC;&nbsp;\nFuerza A\u00e9rea (sur) 10\u00aaC; OCPY (poniente) 12\u00baC; CICY (norte) 13\u00baC; Emiliano\nZapata (oriente) 14\u00baC<\/p>\n\n\n\n<p>El promedio de registros m\u00ednimos esta ma\u00f1ana en la capital yucateca fue de 12\u00baC.<\/p>\n\n\n\n<p>Desde el a\u00f1o 2010 no se registraba una temperatura por debajo de los 10\u00aaC en la ciudad de M\u00e9rida. En diciembre de ese a\u00f1o se report\u00f3 una m\u00ednima de 8.9\u00baC.<\/p>\n<div class='share-to-whatsapp-wrapper'><div class='share-on-whsp'>Share on: <\/div><a data-text='Esta ma\u00f1ana de mi\u00e9rcoles, la m\u00e1s fr\u00eda en Yucat\u00e1n; en Abal\u00e1 despiertan a 5\u00baC' data-link='https:\/\/visionpeninsular.com\/mid\/esta-manana-de-miercoles-la-mas-fria-en-yucatan-en-abala-despiertan-5oc\/' class='whatsapp-button whatsapp-share'>WhatsApp<\/a><div class='clear '><\/div><\/div>","protected":false},"excerpt":{"rendered":"<p>La ma\u00f1ana de este mi\u00e9rcoles ha sido una de las m\u00e1s fr\u00edas porlo menos desde el 2010 para un mes de diciembre, debido a que varias comunidades de Yucat\u00e1n han reportado temperaturas por debajo de los 10\u00baC, informa el OCPY de la Conagua. Como tradicionalmente sucede, las comunidades del sur del estado han sido las &hellip;<\/p>\n","protected":false},"author":5,"featured_media":48787,"comment_status":"open","ping_status":"open","sticky":false,"template":"","format":"standard","meta":{"_mi_skip_tracking":false},"categories":[50,37],"tags":[329,5837,13625],"_links":{"self":[{"href":"https:\/\/visionpeninsular.com\/mid\/wp-json\/wp\/v2\/posts\/48786"}],"collection":[{"href":"https:\/\/visionpeninsular.com\/mid\/wp-json\/wp\/v2\/posts"}],"about":[{"href":"https:\/\/visionpeninsular.com\/mid\/wp-json\/wp\/v2\/types\/post"}],"author":[{"embeddable":true,"href":"https:\/\/visionpeninsular.com\/mid\/wp-json\/wp\/v2\/users\/5"}],"replies":[{"embeddable":true,"href":"https:\/\/visionpeninsular.com\/mid\/wp-json\/wp\/v2\/comments?post=48786"}],"version-history":[{"count":1,"href":"https:\/\/visionpeninsular.com\/mid\/wp-json\/wp\/v2\/posts\/48786\/revisions"}],"predecessor-version":[{"id":48788,"href":"https:\/\/visionpeninsular.com\/mid\/wp-json\/wp\/v2\/posts\/48786\/revisions\/48788"}],"wp:featuredmedia":[{"embeddable":true,"href":"https:\/\/visionpeninsular.com\/mid\/wp-json\/wp\/v2\/media\/48787"}],"wp:attachment":[{"href":"https:\/\/visionpeninsular.com\/mid\/wp-json\/wp\/v2\/media?parent=48786"}],"wp:term":[{"taxonomy":"category","embeddable":true,"href":"https:\/\/visionpeninsular.com\/mid\/wp-json\/wp\/v2\/categories?post=48786"},{"taxonomy":"post_tag","embeddable":true,"href":"https:\/\/visionpeninsular.com\/mid\/wp-json\/wp\/v2\/tags?post=48786"}],"curies":[{"name":"wp","href":"https:\/\/api.w.org\/{rel}","templated":true}]}}