{"id":48742,"date":"2018-12-11T06:54:12","date_gmt":"2018-12-11T12:54:12","guid":{"rendered":"http:\/\/visionpeninsular.com\/mid\/?p=48742"},"modified":"2018-12-11T06:54:17","modified_gmt":"2018-12-11T12:54:17","slug":"gobierno-sociedad-civil-y-privada-suman-fuerzas-en-agenda-2030","status":"publish","type":"post","link":"https:\/\/visionpeninsular.com\/mid\/gobierno-sociedad-civil-y-privada-suman-fuerzas-en-agenda-2030\/","title":{"rendered":"Gobierno, Sociedad Civil y Privada suman fuerzas en Agenda 2030"},"content":{"rendered":"\n<p>\n\nCon el objetivo de coordinar y ejecutar pol\u00edticas, programas y acciones de desarrollo sostenible, se instal\u00f3 en Yucat\u00e1n el Consejo Estatal de la Agenda 2030, estrategia que vincular\u00e1 al Estado con los sectores acad\u00e9micos, privados y de la sociedad civil, que ser\u00e1 presidido por la secretaria General de Gobierno, Mar\u00eda Fritz Sierra.<\/p>\n\n\n\n<p>Stephan Visser, especialista en seguimiento e implementaci\u00f3n de esta Agenda, explic\u00f3 que este Programa de las Naciones Unidas para el Desarrollo (PNUD) establece 17 objetivos y 169 metas para erradicar la pobreza, proteger el planeta y garantizar que todas las personas gocen de paz y prosperidad, compromisos que asume el Ejecutivo con la apertura de dicho \u00f3rgano de car\u00e1cter multidisciplinario.<\/p>\n\n\n\n<p>En presencia de alcaldes de las principales cabeceras de la entidad, Fritz Sierra pidi\u00f3 que la responsabilidad social prevalezca sobre los intereses particulares. Los objetivos de desarrollo sustentable que conforman la Agenda 2030 exceden por mucho no solo el plano personal, sino tambi\u00e9n se proyectan en el tiempo y reclaman la visi\u00f3n de un mundo m\u00e1s justo y autosuficiente para las generaciones por venir.<\/p>\n\n\n\n<p>Este plan de acci\u00f3n conjunta, que tiene las dimensiones de inclusi\u00f3n social, crecimiento econ\u00f3mico y protecci\u00f3n ambiental, garantizar\u00e1 la provisi\u00f3n de servicios en las comunidades m\u00e1s alejadas, con la incorporaci\u00f3n de los Objetivos de Desarrollo Sostenible (ODS) en el Plan Estatal de Desarrollo 2018-2024 y en el Presupuesto de Egresos con una visi\u00f3n a largo plazo.<\/p>\n\n\n\n<p>En su turno, el secretario de Desarrollo Social, Roger Torres Peniche, a\u00f1adi\u00f3 que esta Agenda contempla enfoques transversales para la integralidad de las pol\u00edticas de desarrollo, adem\u00e1s de que plantea la necesidad de fortalecer el Estado de Derecho, la transparencia, la rendici\u00f3n de cuentas y la participaci\u00f3n social.<\/p>\n\n\n\n<p>&#8220;El diagn\u00f3stico de carencias que en estos momentos se est\u00e1 realizando en todo el estado nos permitir\u00e1 estar en condiciones de identificar con m\u00e1s exactitud las carencias a combatir y las pol\u00edticas p\u00fablicas a implementar a lo largo de la presente administraci\u00f3n que encabeza Mauricio Vila Dosal, para hacer realidad los objetivos de esta Agenda&#8221;, puntualiz\u00f3 el funcionario.<\/p>\n\n\n\n<p>Por su parte, el director General de la Fundaci\u00f3n del Empresariado Yucateco (Feyac), Ra\u00fal L\u00f3pez Osorio, refrend\u00f3 el compromiso de continuar impulsando programas de fortalecimiento a las organizaciones de la sociedad civil mediante talleres de alineaci\u00f3n estrat\u00e9gica, que son necesarios para lograr que &#8220;nadie se quede atr\u00e1s&#8221;.<\/p>\n\n\n\n<p>En esta primera sesi\u00f3n de instalaci\u00f3n, estuvieron presentes los titulares de la Secretar\u00eda de Salud (SSY) Dr. Mauricio Sauri Vivas, de Educaci\u00f3n (SEGEY) Loreto Villanueva Trujillo, de Administraci\u00f3n y Finanzas ( SAF) Mtra. Olga Rosas Moya, as\u00ed como representantes de universidades y del sector empresarial.\n\n<\/p>\n<div class='share-to-whatsapp-wrapper'><div class='share-on-whsp'>Share on: <\/div><a data-text='Gobierno, Sociedad Civil y Privada suman fuerzas en Agenda 2030' data-link='https:\/\/visionpeninsular.com\/mid\/gobierno-sociedad-civil-y-privada-suman-fuerzas-en-agenda-2030\/' class='whatsapp-button whatsapp-share'>WhatsApp<\/a><div class='clear '><\/div><\/div>","protected":false},"excerpt":{"rendered":"<p>Con el objetivo de coordinar y ejecutar pol\u00edticas, programas y acciones de desarrollo sostenible, se instal\u00f3 en Yucat\u00e1n el Consejo Estatal de la Agenda 2030, estrategia que vincular\u00e1 al Estado con los sectores acad\u00e9micos, privados y de la sociedad civil, que ser\u00e1 presidido por la secretaria General de Gobierno, Mar\u00eda Fritz Sierra. Stephan Visser, especialista &hellip;<\/p>\n","protected":false},"author":1,"featured_media":48743,"comment_status":"open","ping_status":"open","sticky":false,"template":"","format":"standard","meta":{"_mi_skip_tracking":false},"categories":[49],"tags":[],"_links":{"self":[{"href":"https:\/\/visionpeninsular.com\/mid\/wp-json\/wp\/v2\/posts\/48742"}],"collection":[{"href":"https:\/\/visionpeninsular.com\/mid\/wp-json\/wp\/v2\/posts"}],"about":[{"href":"https:\/\/visionpeninsular.com\/mid\/wp-json\/wp\/v2\/types\/post"}],"author":[{"embeddable":true,"href":"https:\/\/visionpeninsular.com\/mid\/wp-json\/wp\/v2\/users\/1"}],"replies":[{"embeddable":true,"href":"https:\/\/visionpeninsular.com\/mid\/wp-json\/wp\/v2\/comments?post=48742"}],"version-history":[{"count":1,"href":"https:\/\/visionpeninsular.com\/mid\/wp-json\/wp\/v2\/posts\/48742\/revisions"}],"predecessor-version":[{"id":48744,"href":"https:\/\/visionpeninsular.com\/mid\/wp-json\/wp\/v2\/posts\/48742\/revisions\/48744"}],"wp:featuredmedia":[{"embeddable":true,"href":"https:\/\/visionpeninsular.com\/mid\/wp-json\/wp\/v2\/media\/48743"}],"wp:attachment":[{"href":"https:\/\/visionpeninsular.com\/mid\/wp-json\/wp\/v2\/media?parent=48742"}],"wp:term":[{"taxonomy":"category","embeddable":true,"href":"https:\/\/visionpeninsular.com\/mid\/wp-json\/wp\/v2\/categories?post=48742"},{"taxonomy":"post_tag","embeddable":true,"href":"https:\/\/visionpeninsular.com\/mid\/wp-json\/wp\/v2\/tags?post=48742"}],"curies":[{"name":"wp","href":"https:\/\/api.w.org\/{rel}","templated":true}]}}