{"id":48732,"date":"2018-12-11T06:49:34","date_gmt":"2018-12-11T12:49:34","guid":{"rendered":"http:\/\/visionpeninsular.com\/mid\/?p=48732"},"modified":"2018-12-11T06:49:40","modified_gmt":"2018-12-11T12:49:40","slug":"mauricio-vila-viaja-polonia-para-participar-en-la-cop24","status":"publish","type":"post","link":"https:\/\/visionpeninsular.com\/mid\/mauricio-vila-viaja-polonia-para-participar-en-la-cop24\/","title":{"rendered":"Mauricio Vila viaja a Polonia para participar en la COP24"},"content":{"rendered":"\n<p>El gobernador Mauricio Vila Dosal viaja a la ciudad de Katowice, Polonia, para participar en la Conferencia de las Partes sobre el Cambio Clim\u00e1tico (COP24), siendo el \u00fanico mandatario mexicano invitado y uno de los pocos de Latinoam\u00e9rica. <\/p>\n\n\n\n<p>Vila\n Dosal participar\u00e1 del 10 al 12 de diciembre con el fin de buscar \nposibilidades de financiamiento para proyectos que combatan el \ncalentamiento global y reduzcan la contaminaci\u00f3n, as\u00ed como apoyo t\u00e9cnico\n y log\u00edstico de naciones del primer mundo, como Noruega, Gran Breta\u00f1a o \nAlemania, que tienen especial inter\u00e9s en apoyar a estados como Yucat\u00e1n \npor su verdadera dedicaci\u00f3n en cooperar y mejorar sus acciones al \nrespecto.<\/p>\n\n\n\n<p>De \nacuerdo con un comunicado, fue Patricia Espinosa, secretaria ejecutiva \nde la ONU para el Cambio Clim\u00e1tico, quien invit\u00f3 al gobernador de \nYucat\u00e1n para exponer sus vivencias e ideas para formular cambios que \nfavorezcan un desarrollo cero emisiones.<\/p>\n\n\n\n<p>El\n mandatario viajar\u00e1 con una comitiva integrada por Sayda Rodr\u00edguez \nG\u00f3mez, secretaria de Desarrollo Urbano y Medio Ambiente y \u00c1lvaro Juanes \nLaviada, Coordinador de Asesores.<\/p>\n\n\n\n<p>Los\n gastos de boletos de avi\u00f3n, hospedaje y alimentos del titular del Poder\n Ejecutivo yucateco, fueron cubiertos por la ONG Alianza de Gobernadores\n por el Clima y los Bosques (GCF Task Force, por sus siglas en ingl\u00e9s), \nla ONG Pronatura Sur y la Universidad de Colorado, que forman parte de \nlos eventos en los que participar\u00e1 el Gobernador, detalla el comunicado.<\/p>\n\n\n\n<p>La\n COP24 ser\u00e1 presidida por Michal Kurtyka, secretario de Estado del \nMinisterio de Energ\u00eda de Polonia, y contar\u00e1 con una participaci\u00f3n de m\u00e1s\n de 30 mil delegados de todo el mundo.<\/p>\n\n\n\n<p>Durante\n la cumbre, se presentar\u00e1 un informe de los logros que ha tenido cada \npa\u00eds y en su caso realizar los ajustes pertinentes para alcanzar los \nobjetivos propuestos en el Acuerdo de Par\u00eds, firmado en 2015 en la \nConferencia de Par\u00eds sobre el Clima (COP21), donde se le dio un \nimportante peso a las acciones que hacen las entidades subnacionales: \nciudades, regiones y provincias para contribuir a mejorar el medio \nambiente. <\/p>\n\n\n\n<p>La \nConferencia de las Partes se centrar\u00e1 en tres temas generales: \nTecnolog\u00eda, con enfoque en Movilidad Sustentable; Hombre con enfoque en \n\u201cTransici\u00f3n justa y sostenible\u201d y Naturaleza, donde se abordar\u00e1 la \nneutralidad del carbono para absorber CO2 a trav\u00e9s de la reforestaci\u00f3n y\n la gesti\u00f3n de la tierra. <\/p>\n\n\n\n<p>Vida\n Dosal expondr\u00e1 la estrategia para la Reforestaci\u00f3n de Yucat\u00e1n que tiene\n el objetivo de articular las prioridades de restauraci\u00f3n de suelos al \ntiempo generar beneficios econ\u00f3micos y sociales para las poblaciones en \ncondiciones de mayor pobreza y marginaci\u00f3n social, entre otros puntos. <\/p>\n\n\n\n<p>El\n mandatario yucateco tambi\u00e9n participar\u00e1 en un encuentro sobre Finanzas \nClim\u00e1ticas y en el Di\u00e1logo de Talanoa, un ejercicio inclusivo, \nparticipativo y transparente, para hablar sobre las acciones que \nreduzcan el cambio clim\u00e1tico.<\/p>\n\n\n\n<p>Yucat\u00e1n\n es parte del GEXCOM, compuesta por 26 estados y provincias de pa\u00edses \ncomo Brasil, Indonesia, Nigeria, Per\u00fa, Espa\u00f1a y Estados Unidos, que \nbusca reducir los efectos del cambio clim\u00e1tico, desarrollar pol\u00edticas de\n desarrollo rural bajo en emisiones y fomentar el alineamiento con los \nprocesos pol\u00edticos nacionales e internacionales.<\/p>\n<div class='share-to-whatsapp-wrapper'><div class='share-on-whsp'>Share on: <\/div><a data-text='Mauricio Vila viaja a Polonia para participar en la COP24' data-link='https:\/\/visionpeninsular.com\/mid\/mauricio-vila-viaja-polonia-para-participar-en-la-cop24\/' class='whatsapp-button whatsapp-share'>WhatsApp<\/a><div class='clear '><\/div><\/div>","protected":false},"excerpt":{"rendered":"<p>El gobernador Mauricio Vila Dosal viaja a la ciudad de Katowice, Polonia, para participar en la Conferencia de las Partes sobre el Cambio Clim\u00e1tico (COP24), siendo el \u00fanico mandatario mexicano invitado y uno de los pocos de Latinoam\u00e9rica. Vila Dosal participar\u00e1 del 10 al 12 de diciembre con el fin de buscar posibilidades de financiamiento &hellip;<\/p>\n","protected":false},"author":1,"featured_media":48738,"comment_status":"open","ping_status":"open","sticky":false,"template":"","format":"standard","meta":{"_mi_skip_tracking":false},"categories":[49],"tags":[13610],"_links":{"self":[{"href":"https:\/\/visionpeninsular.com\/mid\/wp-json\/wp\/v2\/posts\/48732"}],"collection":[{"href":"https:\/\/visionpeninsular.com\/mid\/wp-json\/wp\/v2\/posts"}],"about":[{"href":"https:\/\/visionpeninsular.com\/mid\/wp-json\/wp\/v2\/types\/post"}],"author":[{"embeddable":true,"href":"https:\/\/visionpeninsular.com\/mid\/wp-json\/wp\/v2\/users\/1"}],"replies":[{"embeddable":true,"href":"https:\/\/visionpeninsular.com\/mid\/wp-json\/wp\/v2\/comments?post=48732"}],"version-history":[{"count":1,"href":"https:\/\/visionpeninsular.com\/mid\/wp-json\/wp\/v2\/posts\/48732\/revisions"}],"predecessor-version":[{"id":48739,"href":"https:\/\/visionpeninsular.com\/mid\/wp-json\/wp\/v2\/posts\/48732\/revisions\/48739"}],"wp:featuredmedia":[{"embeddable":true,"href":"https:\/\/visionpeninsular.com\/mid\/wp-json\/wp\/v2\/media\/48738"}],"wp:attachment":[{"href":"https:\/\/visionpeninsular.com\/mid\/wp-json\/wp\/v2\/media?parent=48732"}],"wp:term":[{"taxonomy":"category","embeddable":true,"href":"https:\/\/visionpeninsular.com\/mid\/wp-json\/wp\/v2\/categories?post=48732"},{"taxonomy":"post_tag","embeddable":true,"href":"https:\/\/visionpeninsular.com\/mid\/wp-json\/wp\/v2\/tags?post=48732"}],"curies":[{"name":"wp","href":"https:\/\/api.w.org\/{rel}","templated":true}]}}