{"id":48615,"date":"2018-12-09T14:48:45","date_gmt":"2018-12-09T20:48:45","guid":{"rendered":"http:\/\/visionpeninsular.com\/mid\/?p=48615"},"modified":"2018-12-09T14:48:53","modified_gmt":"2018-12-09T20:48:53","slug":"imputado-agresor-de-poligono-108-como-tentativa-de-feminicidio-agravado","status":"publish","type":"post","link":"https:\/\/visionpeninsular.com\/mid\/imputado-agresor-de-poligono-108-como-tentativa-de-feminicidio-agravado\/","title":{"rendered":"Imputado agresor de Pol\u00edgono 108, como tentativa de feminicidio agravado"},"content":{"rendered":"\n<p>Erick G. L., fue imputado por la Fiscal\u00eda General del Estado (FGE), por feminicidio agravado en grado de tentativa, por los graves hechosocurridos el d\u00eda 5 de diciembre en el fraccionamiento Pol\u00edgono 108.<\/p>\n\n\n\n<p>La audiencia se realiz\u00f3 en el Juzgado 2\u00ba. De Control delPrimer Distrito Judicial, durante la cual se decret\u00f3 legal la detenci\u00f3n del indiciado y la Fiscal\u00eda argument\u00f3 razones espec\u00edficas para solicitar la vinculaci\u00f3n a proceso de E.G.G., quien solicit\u00f3 la duplicidad del t\u00e9rmino constitucional para definir la situaci\u00f3n jur\u00eddica del acusado, por lo que se program\u00f3 la audiencia de vinculaci\u00f3n para el pr\u00f3ximo jueves 13 de diciembre.<\/p>\n\n\n\n<p>La Fiscal\u00eda solicit\u00f3 la medida cautelar de prisi\u00f3npreventiva, misma que fue otorgada por la autoridad judicial de manera oficiosa hasta la audiencia donde se definir\u00e1 la situaci\u00f3n del imputado.<\/p>\n\n\n\n<p>En la causa penal 253\/2018, se se\u00f1ala que los hechos\nocurrieron en un predio en el Fraccionamiento Pol\u00edgono 108, donde el indiciado\npresuntamente agredi\u00f3 y lesion\u00f3 con arma blanca a su esposa, por lo que fue\ndetenido y turnado ante la Fiscal\u00eda para la integraci\u00f3n de la carpeta\ncorrespondiente.<\/p>\n<div class='share-to-whatsapp-wrapper'><div class='share-on-whsp'>Share on: <\/div><a data-text='Imputado agresor de Pol\u00edgono 108, como tentativa de feminicidio agravado' data-link='https:\/\/visionpeninsular.com\/mid\/imputado-agresor-de-poligono-108-como-tentativa-de-feminicidio-agravado\/' class='whatsapp-button whatsapp-share'>WhatsApp<\/a><div class='clear '><\/div><\/div>","protected":false},"excerpt":{"rendered":"<p>Erick G. L., fue imputado por la Fiscal\u00eda General del Estado (FGE), por feminicidio agravado en grado de tentativa, por los graves hechosocurridos el d\u00eda 5 de diciembre en el fraccionamiento Pol\u00edgono 108. La audiencia se realiz\u00f3 en el Juzgado 2\u00ba. De Control delPrimer Distrito Judicial, durante la cual se decret\u00f3 legal la detenci\u00f3n del &hellip;<\/p>\n","protected":false},"author":5,"featured_media":48616,"comment_status":"open","ping_status":"open","sticky":false,"template":"","format":"standard","meta":{"_mi_skip_tracking":false},"categories":[50,37],"tags":[10194,3078,13589],"_links":{"self":[{"href":"https:\/\/visionpeninsular.com\/mid\/wp-json\/wp\/v2\/posts\/48615"}],"collection":[{"href":"https:\/\/visionpeninsular.com\/mid\/wp-json\/wp\/v2\/posts"}],"about":[{"href":"https:\/\/visionpeninsular.com\/mid\/wp-json\/wp\/v2\/types\/post"}],"author":[{"embeddable":true,"href":"https:\/\/visionpeninsular.com\/mid\/wp-json\/wp\/v2\/users\/5"}],"replies":[{"embeddable":true,"href":"https:\/\/visionpeninsular.com\/mid\/wp-json\/wp\/v2\/comments?post=48615"}],"version-history":[{"count":1,"href":"https:\/\/visionpeninsular.com\/mid\/wp-json\/wp\/v2\/posts\/48615\/revisions"}],"predecessor-version":[{"id":48617,"href":"https:\/\/visionpeninsular.com\/mid\/wp-json\/wp\/v2\/posts\/48615\/revisions\/48617"}],"wp:featuredmedia":[{"embeddable":true,"href":"https:\/\/visionpeninsular.com\/mid\/wp-json\/wp\/v2\/media\/48616"}],"wp:attachment":[{"href":"https:\/\/visionpeninsular.com\/mid\/wp-json\/wp\/v2\/media?parent=48615"}],"wp:term":[{"taxonomy":"category","embeddable":true,"href":"https:\/\/visionpeninsular.com\/mid\/wp-json\/wp\/v2\/categories?post=48615"},{"taxonomy":"post_tag","embeddable":true,"href":"https:\/\/visionpeninsular.com\/mid\/wp-json\/wp\/v2\/tags?post=48615"}],"curies":[{"name":"wp","href":"https:\/\/api.w.org\/{rel}","templated":true}]}}