{"id":48612,"date":"2018-12-09T14:29:18","date_gmt":"2018-12-09T20:29:18","guid":{"rendered":"http:\/\/visionpeninsular.com\/mid\/?p=48612"},"modified":"2018-12-09T14:29:26","modified_gmt":"2018-12-09T20:29:26","slug":"palacio-de-gobierno-de-yucatan-enciende-su-arbolito-navideno","status":"publish","type":"post","link":"https:\/\/visionpeninsular.com\/mid\/palacio-de-gobierno-de-yucatan-enciende-su-arbolito-navideno\/","title":{"rendered":"Palacio de Gobierno de Yucat\u00e1n enciende su arbolito navide\u00f1o"},"content":{"rendered":"\n<p>La alegr\u00eda y el color de las fiestas decembrinas decoran el Palacio de Gobierno luego del encendido del tradicional \u00e1rbol de Navidad, acto que por vez primera encabez\u00f3 el Gobernador Mauricio Vila Dosal y marca el comienzo de una de las temporadas m\u00e1s esperadas por las familias yucatecas.<\/p>\n\n\n\n<p>Acompa\u00f1ado de su esposa Mar\u00eda Eugenia Ortiz Abraham y sus hijos, Alejandrina, Mauricio y Santiago, el mandatario activ\u00f3 la noche del pasado viernes el interruptor que puso a funcionar el sistema de luces que ilumin\u00f3 el pino de cerca de 6 metros de alto que, adornado con esferas y listones plateados, despert\u00f3 los \u00e1nimos y esperanza que caracteriza a esta \u00e9poca.<\/p>\n\n\n\n<p>Desde el Patio Central de la sede del Poder Ejecutivo, personajes como Rodolfo el Reno, Mickey y Minnie Mouse, el pato Donald, Pluto yTribil\u00edn, recibieron a los ni\u00f1os del Centro de Atenci\u00f3n Integral al Menor en Desamparo (CAIMEDE) y del Ej\u00e9rcito de Salvaci\u00f3n con dulces, abrazos y divertidas din\u00e1micas que dibujaron en ellos enormes sonrisas.<\/p>\n\n\n\n<p>Posteriormente, Vila Dosal, su familia y los peque\u00f1os asistentes disfrutaron de un entretenido espect\u00e1culo musical y pudieron tomarse una foto de recuerdo en el nacimiento, as\u00ed como con Pap\u00e1 Noel y su duende. La decoraci\u00f3n de hist\u00f3rico inmueble permanecer\u00e1 hasta el 6 de enero de 2019 y los visitantes podr\u00e1n admirarla en horario de 8:00 a 21:00 horas de lunes a domingo.<\/p>\n<div class='share-to-whatsapp-wrapper'><div class='share-on-whsp'>Share on: <\/div><a data-text='Palacio de Gobierno de Yucat\u00e1n enciende su arbolito navide\u00f1o' data-link='https:\/\/visionpeninsular.com\/mid\/palacio-de-gobierno-de-yucatan-enciende-su-arbolito-navideno\/' class='whatsapp-button whatsapp-share'>WhatsApp<\/a><div class='clear '><\/div><\/div>","protected":false},"excerpt":{"rendered":"<p>La alegr\u00eda y el color de las fiestas decembrinas decoran el Palacio de Gobierno luego del encendido del tradicional \u00e1rbol de Navidad, acto que por vez primera encabez\u00f3 el Gobernador Mauricio Vila Dosal y marca el comienzo de una de las temporadas m\u00e1s esperadas por las familias yucatecas. Acompa\u00f1ado de su esposa Mar\u00eda Eugenia Ortiz &hellip;<\/p>\n","protected":false},"author":5,"featured_media":48613,"comment_status":"open","ping_status":"open","sticky":false,"template":"","format":"standard","meta":{"_mi_skip_tracking":false},"categories":[50,37],"tags":[13588,12392,2884],"_links":{"self":[{"href":"https:\/\/visionpeninsular.com\/mid\/wp-json\/wp\/v2\/posts\/48612"}],"collection":[{"href":"https:\/\/visionpeninsular.com\/mid\/wp-json\/wp\/v2\/posts"}],"about":[{"href":"https:\/\/visionpeninsular.com\/mid\/wp-json\/wp\/v2\/types\/post"}],"author":[{"embeddable":true,"href":"https:\/\/visionpeninsular.com\/mid\/wp-json\/wp\/v2\/users\/5"}],"replies":[{"embeddable":true,"href":"https:\/\/visionpeninsular.com\/mid\/wp-json\/wp\/v2\/comments?post=48612"}],"version-history":[{"count":1,"href":"https:\/\/visionpeninsular.com\/mid\/wp-json\/wp\/v2\/posts\/48612\/revisions"}],"predecessor-version":[{"id":48614,"href":"https:\/\/visionpeninsular.com\/mid\/wp-json\/wp\/v2\/posts\/48612\/revisions\/48614"}],"wp:featuredmedia":[{"embeddable":true,"href":"https:\/\/visionpeninsular.com\/mid\/wp-json\/wp\/v2\/media\/48613"}],"wp:attachment":[{"href":"https:\/\/visionpeninsular.com\/mid\/wp-json\/wp\/v2\/media?parent=48612"}],"wp:term":[{"taxonomy":"category","embeddable":true,"href":"https:\/\/visionpeninsular.com\/mid\/wp-json\/wp\/v2\/categories?post=48612"},{"taxonomy":"post_tag","embeddable":true,"href":"https:\/\/visionpeninsular.com\/mid\/wp-json\/wp\/v2\/tags?post=48612"}],"curies":[{"name":"wp","href":"https:\/\/api.w.org\/{rel}","templated":true}]}}