{"id":48035,"date":"2018-11-24T08:31:16","date_gmt":"2018-11-24T14:31:16","guid":{"rendered":"http:\/\/visionpeninsular.com\/mid\/?p=48035"},"modified":"2018-11-24T08:31:16","modified_gmt":"2018-11-24T14:31:16","slug":"laura-beristain-confiesa-su-culpabilidad-al-retirar-propaganda-con-amlo","status":"publish","type":"post","link":"https:\/\/visionpeninsular.com\/mid\/laura-beristain-confiesa-su-culpabilidad-al-retirar-propaganda-con-amlo\/","title":{"rendered":"Laura Berista\u00edn \u201cconfiesa\u201d su culpabilidad al retirar propaganda con AMLO"},"content":{"rendered":"<p><strong>PLAYA DEL CARMEN, MX.-<\/strong> Con la repentina aparici\u00f3n de propaganda pol\u00edtica en las calles de Playa del Carmen donde aparecen Andr\u00e9s Manuel L\u00f3pez Obrador y Laura Berista\u00edn, regidores panistas del ayuntamiento de Solidaridad dieron cuenta de esta aparente \u2018publicidad irregular\u2019 de la alcaldesa Berista\u00edn al Comit\u00e9 Directivo Estatal del PAN, que de inmediato present\u00f3 una queja ante el Instituto Electoral de Quintana Roo (Ieqeoo).<\/p>\n<p>Pero casi 24 horas despu\u00e9s, la Direcci\u00f3n de Imagen Urbana del ayuntamiento de Solidaridad desmont\u00f3 los espectaculares de L\u00f3pez Obrador y Berista\u00edn, pero esta historia parece no haber acabado.<\/p>\n<p>El representante del PAN ante el Consejo General del Ieqroo, Daniel Israel Jasso Kim se\u00f1al\u00f3 que esta propaganda viol\u00f3 el art\u00edculo 134 Constitucional que restringe la \u00a0publicidad oficial a un car\u00e1cter informativo.<\/p>\n<p>\u201cPero en realidad parece como promoci\u00f3n de estado, sin ninguna calidad informativa sobre labores de gobierno o programas del ayuntamiento\u201d, dijo.<\/p>\n<p>En cambio, agreg\u00f3, estos espectaculares conten\u00edan \u201celementos pol\u00edticos y de promoci\u00f3n individualizada de la imagen\u201d de Laura Berista\u00edn y Andr\u00e9s Manuel L\u00f3pez Obrador.<\/p>\n<p>La queja fue presentada ante el Ieqroo, pero por promoci\u00f3n de la imagen de L\u00f3pez Obrador deber\u00edan de darle vista el Instituto Nacional Electoral (INE).<\/p>\n<p>El PAN solicit\u00f3 la medida cautelar para retirar los espectaculares, pero el propio Ayuntamiento, a trav\u00e9s de la Direcci\u00f3n de Imagen Urbana.<\/p>\n<p>En un comunicado de prensa, Laura Berista\u00edn se deslind\u00f3, \u201cde la publicaci\u00f3n de propaganda tipo electoral, que figura en algunos anuncios espectaculares, donde presuntamente promociona el proyecto de la Nueva Transformaci\u00f3n, acompa\u00f1ada de la imagen del Presidente Electo, Andr\u00e9s Manuel L\u00f3pez Obrador\u201d.<\/p>\n<p>\u201cEl Ayuntamiento de Solidaridad respeta la Ley, en particular la que se refiere a imagen p\u00fablica de sus funcionarios. No se coloc\u00f3 publicidad irregular ni tampoco invirti\u00f3 recursos p\u00fablicos en ella\u201d, dijo.<\/p>\n<p>Adem\u00e1s, precis\u00f3 que la Direcci\u00f3n de Imagen Urbana, \u201cdetect\u00f3 publicidad irregular, por lo que se procedi\u00f3 a bajarla\u201d.<\/p>\n<p>Sin embargo, Jasso Kim se\u00f1alo que Laura Berista\u00edn, se dio un tiro al pie al bajar los espectaculares, por lo que, adem\u00e1s, el PAN podr\u00eda pedir a la autoridad correspondiente, que investigue el desvi\u00f3 de recursos p\u00fablicos en montar dicha propaganda.<\/p>\n<p>\u201cAl bajar de inmediato estos espectaculares, est\u00e1 admitiendo de facto que tiene relaci\u00f3n a esa propaganda\u201d, dijo el panista.<\/p>\n<p>Ahora, agreg\u00f3, el PAN pedir\u00eda que se investigue posible desvi\u00f3 de recursos por parte de la Laura Berista\u00edn, pues no est\u00e1 permitida este tipo de propaganda.<\/p>\n<div class='share-to-whatsapp-wrapper'><div class='share-on-whsp'>Share on: <\/div><a data-text='Laura Berista\u00edn \u201cconfiesa\u201d su culpabilidad al retirar propaganda con AMLO' data-link='https:\/\/visionpeninsular.com\/mid\/laura-beristain-confiesa-su-culpabilidad-al-retirar-propaganda-con-amlo\/' class='whatsapp-button whatsapp-share'>WhatsApp<\/a><div class='clear '><\/div><\/div>","protected":false},"excerpt":{"rendered":"<p>PLAYA DEL CARMEN, MX.- Con la repentina aparici\u00f3n de propaganda pol\u00edtica en las calles de Playa del Carmen donde aparecen Andr\u00e9s Manuel L\u00f3pez Obrador y Laura Berista\u00edn, regidores panistas del ayuntamiento de Solidaridad dieron cuenta de esta aparente \u2018publicidad irregular\u2019 de la alcaldesa Berista\u00edn al Comit\u00e9 Directivo Estatal del PAN, que de inmediato present\u00f3 una &hellip;<\/p>\n","protected":false},"author":1,"featured_media":48036,"comment_status":"open","ping_status":"open","sticky":false,"template":"","format":"standard","meta":{"_mi_skip_tracking":false},"categories":[48],"tags":[10577],"_links":{"self":[{"href":"https:\/\/visionpeninsular.com\/mid\/wp-json\/wp\/v2\/posts\/48035"}],"collection":[{"href":"https:\/\/visionpeninsular.com\/mid\/wp-json\/wp\/v2\/posts"}],"about":[{"href":"https:\/\/visionpeninsular.com\/mid\/wp-json\/wp\/v2\/types\/post"}],"author":[{"embeddable":true,"href":"https:\/\/visionpeninsular.com\/mid\/wp-json\/wp\/v2\/users\/1"}],"replies":[{"embeddable":true,"href":"https:\/\/visionpeninsular.com\/mid\/wp-json\/wp\/v2\/comments?post=48035"}],"version-history":[{"count":1,"href":"https:\/\/visionpeninsular.com\/mid\/wp-json\/wp\/v2\/posts\/48035\/revisions"}],"predecessor-version":[{"id":48037,"href":"https:\/\/visionpeninsular.com\/mid\/wp-json\/wp\/v2\/posts\/48035\/revisions\/48037"}],"wp:featuredmedia":[{"embeddable":true,"href":"https:\/\/visionpeninsular.com\/mid\/wp-json\/wp\/v2\/media\/48036"}],"wp:attachment":[{"href":"https:\/\/visionpeninsular.com\/mid\/wp-json\/wp\/v2\/media?parent=48035"}],"wp:term":[{"taxonomy":"category","embeddable":true,"href":"https:\/\/visionpeninsular.com\/mid\/wp-json\/wp\/v2\/categories?post=48035"},{"taxonomy":"post_tag","embeddable":true,"href":"https:\/\/visionpeninsular.com\/mid\/wp-json\/wp\/v2\/tags?post=48035"}],"curies":[{"name":"wp","href":"https:\/\/api.w.org\/{rel}","templated":true}]}}