{"id":47918,"date":"2018-11-22T07:09:27","date_gmt":"2018-11-22T13:09:27","guid":{"rendered":"http:\/\/visionpeninsular.com\/mid\/?p=47918"},"modified":"2018-11-22T07:12:21","modified_gmt":"2018-11-22T13:12:21","slug":"en-su-ultima-visita-a-campeche-como-presidene-epn-inaugura-costera-y-playa-inclusiva","status":"publish","type":"post","link":"https:\/\/visionpeninsular.com\/mid\/en-su-ultima-visita-a-campeche-como-presidene-epn-inaugura-costera-y-playa-inclusiva\/","title":{"rendered":"En su \u00faltima visita a Campeche como presidente, EPN inaugura, Costera y playa inclusiva"},"content":{"rendered":"<p>En su \u00faltima visita a Campeche como Presidente, Enrique Pe\u00f1a Nieto inaugurar\u00e1 junto con el Gobernador Alejandro Moreno C\u00e1rdenas, la obra de modernizaci\u00f3n de la avenida Costera del Golfo, que tuvo una inversi\u00f3n de m\u00e1s de 150 millones de pesos.<\/p>\n<p>Dicha obra fue un compromiso del mandatario estatal con el apoyo y respaldo del Gobierno Federal a trav\u00e9s de la Secretar\u00eda de Comunicaciones y Transportes (SCT), para la construcci\u00f3n de 5.8 kil\u00f3metros, y los trabajos de modernizaci\u00f3n consistieron en la ampliaci\u00f3n de la misma en ambos sentidos, reconstrucci\u00f3n de terracer\u00edas, drenaje, se\u00f1al\u00e9tica y alumbrado vial.<\/p>\n<p>De igual forma, el titular del Ejecutivo federal a unos d\u00edas de dejar el cargo, anunciar\u00e1 la conclusi\u00f3n de la obra del Centro Infantil y la Playa Inclusiva de Ciudad del Carmen, en evento a realizarse en la D\u00e1rsena de San Francisco a las 17:00 horas.<\/p>\n<p>Cabe destacar que esta es la d\u00e9cima visita del Presidente de M\u00e9xico al estado y la s\u00e9ptima durante la administraci\u00f3n que encabeza el Gobernador Alejandro Moreno C\u00e1rdenas.<\/p>\n<p>La visita m\u00e1s reciente de Pe\u00f1a Nieto fue apenas el pasado mes de abril para hacer la declaratoria de Campeche como Zona Econ\u00f3mica Especial en Seybaplaya.<\/p>\n<figure id=\"attachment_156355\" class=\"wp-caption alignright\"><figcaption class=\"wp-caption-text\"><\/figcaption><\/figure>\n<p>De la visita del Presidente de la Rep\u00fablica, el jefe de la Oficina del Gobernador, Jorge Medina Minet, enfatiz\u00f3 viene a despedirse de los campechanos antes de dejar el cargo y dar fe del apoyo que dio al estado durante su mandato.<\/p>\n<p>-Estamos en los preparativos ma\u00f1ana (hoy) es la visita; todav\u00eda no tenemos a ciencia cierta qu\u00e9 es lo que se va a inaugurar, pero son obras importantes -indic\u00f3 ayer por la ma\u00f1ana.<\/p>\n<p>Destac\u00f3 que pese a las cr\u00edticas por mega obras anunciadas por el Gobernador Alejandro Moreno C\u00e1rdenas, est\u00e1 cumpliendo cabalmente con sus compromisos y en breve se ir\u00e1n inaugurando muchas m\u00e1s.<\/p>\n<p>-El pueblo de Campeche est\u00e1 muy agradecido por su visita y respaldo como ning\u00fan otro presidente le ha dado a Campeche -concluy\u00f3.<\/p>\n<div class='share-to-whatsapp-wrapper'><div class='share-on-whsp'>Share on: <\/div><a data-text='En su \u00faltima visita a Campeche como presidente, EPN inaugura, Costera y playa inclusiva' data-link='https:\/\/visionpeninsular.com\/mid\/en-su-ultima-visita-a-campeche-como-presidene-epn-inaugura-costera-y-playa-inclusiva\/' class='whatsapp-button whatsapp-share'>WhatsApp<\/a><div class='clear '><\/div><\/div>","protected":false},"excerpt":{"rendered":"<p>En su \u00faltima visita a Campeche como Presidente, Enrique Pe\u00f1a Nieto inaugurar\u00e1 junto con el Gobernador Alejandro Moreno C\u00e1rdenas, la obra de modernizaci\u00f3n de la avenida Costera del Golfo, que tuvo una inversi\u00f3n de m\u00e1s de 150 millones de pesos. Dicha obra fue un compromiso del mandatario estatal con el apoyo y respaldo del Gobierno &hellip;<\/p>\n","protected":false},"author":1,"featured_media":47919,"comment_status":"open","ping_status":"open","sticky":false,"template":"","format":"standard","meta":{"_mi_skip_tracking":false},"categories":[46],"tags":[13348],"_links":{"self":[{"href":"https:\/\/visionpeninsular.com\/mid\/wp-json\/wp\/v2\/posts\/47918"}],"collection":[{"href":"https:\/\/visionpeninsular.com\/mid\/wp-json\/wp\/v2\/posts"}],"about":[{"href":"https:\/\/visionpeninsular.com\/mid\/wp-json\/wp\/v2\/types\/post"}],"author":[{"embeddable":true,"href":"https:\/\/visionpeninsular.com\/mid\/wp-json\/wp\/v2\/users\/1"}],"replies":[{"embeddable":true,"href":"https:\/\/visionpeninsular.com\/mid\/wp-json\/wp\/v2\/comments?post=47918"}],"version-history":[{"count":2,"href":"https:\/\/visionpeninsular.com\/mid\/wp-json\/wp\/v2\/posts\/47918\/revisions"}],"predecessor-version":[{"id":47922,"href":"https:\/\/visionpeninsular.com\/mid\/wp-json\/wp\/v2\/posts\/47918\/revisions\/47922"}],"wp:featuredmedia":[{"embeddable":true,"href":"https:\/\/visionpeninsular.com\/mid\/wp-json\/wp\/v2\/media\/47919"}],"wp:attachment":[{"href":"https:\/\/visionpeninsular.com\/mid\/wp-json\/wp\/v2\/media?parent=47918"}],"wp:term":[{"taxonomy":"category","embeddable":true,"href":"https:\/\/visionpeninsular.com\/mid\/wp-json\/wp\/v2\/categories?post=47918"},{"taxonomy":"post_tag","embeddable":true,"href":"https:\/\/visionpeninsular.com\/mid\/wp-json\/wp\/v2\/tags?post=47918"}],"curies":[{"name":"wp","href":"https:\/\/api.w.org\/{rel}","templated":true}]}}