{"id":47440,"date":"2018-11-08T10:14:47","date_gmt":"2018-11-08T16:14:47","guid":{"rendered":"http:\/\/visionpeninsular.com\/mid\/?p=47440"},"modified":"2018-11-08T10:14:47","modified_gmt":"2018-11-08T16:14:47","slug":"lanzan-convocatoria-para-la-medalla-hector-victoria","status":"publish","type":"post","link":"https:\/\/visionpeninsular.com\/mid\/lanzan-convocatoria-para-la-medalla-hector-victoria\/","title":{"rendered":"Lanzan convocatoria para la medalla \u201cH\u00e9ctor Victoria\u201d"},"content":{"rendered":"<p>Los integrantes de la comisi\u00f3n de postulaci\u00f3n de la Medalla de Honor \u201cH\u00e9ctor Victoria Aguilar\u201d aprobaron por unanimidad el proyecto de convocatoria para la elecci\u00f3n del galardonado que deber\u00e1 recibir dicha presea el pr\u00f3ximo viernes 11 de enero de 2019, en el marco de la conmemoraci\u00f3n del Centenario de la Constituci\u00f3n Pol\u00edtica de Yucat\u00e1n.<\/p>\n<p>En la comisi\u00f3n se inform\u00f3 que, una vez publicada la convocatoria en el Diario Oficial del Estado y en medios locales, se tendr\u00e1 hasta el 30 de noviembre para la recepci\u00f3n de las propuestas de candidatos en la Oficial\u00eda de Partes de lunes a viernes de 9 de la ma\u00f1ana a tres de la tarde, a excepci\u00f3n del \u00faltimo d\u00eda que ser\u00e1 hasta las 24 horas.<\/p>\n<p>Por lo tanto, se convocar\u00e1 a los Poderes del Estado, los organismos p\u00fablicos, a las organizaciones sociales, cient\u00edficas y culturales, de ense\u00f1anza superior, medios de difusi\u00f3n e instituciones de cultura de la entidad, para que presenten sus propuestas, que deber\u00e1n ser mujeres y hombres distinguidos por su ciencia, aportaci\u00f3n al campo del derecho, arte, cultura, promoci\u00f3n y defensa de los derechos humanos, preservaci\u00f3n del medio ambiente y cualquier otra actividad humanista en beneficio del Estado, la Naci\u00f3n o la Comunidad Universal.<\/p>\n<p>Los diputados Paulina Viana G\u00f3mez (PAN) y Marcos Rodr\u00edguez Ruz (PRI) se manifestaron honrados por estar en esta comisi\u00f3n que servir\u00e1 para mostrar que existen yucatecos ejemplares.<\/p>\n<p>&nbsp;<\/p>\n<div class='share-to-whatsapp-wrapper'><div class='share-on-whsp'>Share on: <\/div><a data-text='Lanzan convocatoria para la medalla \u201cH\u00e9ctor Victoria\u201d' data-link='https:\/\/visionpeninsular.com\/mid\/lanzan-convocatoria-para-la-medalla-hector-victoria\/' class='whatsapp-button whatsapp-share'>WhatsApp<\/a><div class='clear '><\/div><\/div>","protected":false},"excerpt":{"rendered":"<p>Los integrantes de la comisi\u00f3n de postulaci\u00f3n de la Medalla de Honor \u201cH\u00e9ctor Victoria Aguilar\u201d aprobaron por unanimidad el proyecto de convocatoria para la elecci\u00f3n del galardonado que deber\u00e1 recibir dicha presea el pr\u00f3ximo viernes 11 de enero de 2019, en el marco de la conmemoraci\u00f3n del Centenario de la Constituci\u00f3n Pol\u00edtica de Yucat\u00e1n. En &hellip;<\/p>\n","protected":false},"author":5,"featured_media":47441,"comment_status":"open","ping_status":"open","sticky":false,"template":"","format":"standard","meta":{"_mi_skip_tracking":false},"categories":[50,37],"tags":[13211,3699,9363],"_links":{"self":[{"href":"https:\/\/visionpeninsular.com\/mid\/wp-json\/wp\/v2\/posts\/47440"}],"collection":[{"href":"https:\/\/visionpeninsular.com\/mid\/wp-json\/wp\/v2\/posts"}],"about":[{"href":"https:\/\/visionpeninsular.com\/mid\/wp-json\/wp\/v2\/types\/post"}],"author":[{"embeddable":true,"href":"https:\/\/visionpeninsular.com\/mid\/wp-json\/wp\/v2\/users\/5"}],"replies":[{"embeddable":true,"href":"https:\/\/visionpeninsular.com\/mid\/wp-json\/wp\/v2\/comments?post=47440"}],"version-history":[{"count":1,"href":"https:\/\/visionpeninsular.com\/mid\/wp-json\/wp\/v2\/posts\/47440\/revisions"}],"predecessor-version":[{"id":47442,"href":"https:\/\/visionpeninsular.com\/mid\/wp-json\/wp\/v2\/posts\/47440\/revisions\/47442"}],"wp:featuredmedia":[{"embeddable":true,"href":"https:\/\/visionpeninsular.com\/mid\/wp-json\/wp\/v2\/media\/47441"}],"wp:attachment":[{"href":"https:\/\/visionpeninsular.com\/mid\/wp-json\/wp\/v2\/media?parent=47440"}],"wp:term":[{"taxonomy":"category","embeddable":true,"href":"https:\/\/visionpeninsular.com\/mid\/wp-json\/wp\/v2\/categories?post=47440"},{"taxonomy":"post_tag","embeddable":true,"href":"https:\/\/visionpeninsular.com\/mid\/wp-json\/wp\/v2\/tags?post=47440"}],"curies":[{"name":"wp","href":"https:\/\/api.w.org\/{rel}","templated":true}]}}