{"id":4734,"date":"2016-06-04T07:16:24","date_gmt":"2016-06-04T12:16:24","guid":{"rendered":"http:\/\/visionpeninsular.com\/mid\/?p=4734"},"modified":"2016-06-04T07:16:24","modified_gmt":"2016-06-04T12:16:24","slug":"estudiantes-podran-ser-lideres-educativos-dice-delegado-del-consejo-nacional-de-fomento-educativo","status":"publish","type":"post","link":"https:\/\/visionpeninsular.com\/mid\/estudiantes-podran-ser-lideres-educativos-dice-delegado-del-consejo-nacional-de-fomento-educativo\/","title":{"rendered":"Estudiantes podr\u00e1n ser l\u00edderes educativos, dice delegado del Consejo Nacional de Fomento Educativo"},"content":{"rendered":"<p style=\"line-height: 19.5pt;background: white;vertical-align: baseline;margin: 0cm 0cm 22.5pt 0cm\"><span style=\"font-family: 'Arial',sans-serif;color: #444444\">El delegado del Conafe en Campeche Rom\u00e1n Acosta Estrella dijo que los 367 espacios para que los j\u00f3venes estudiantes realicen su servicio social educativo para el ciclo escolar 2016-2017 que fue autorizado por El Consejo Nacional de Fomento Educativo (CONAFE) garantiza la cobertura de la instituci\u00f3n en los niveles preescolar, primaria y secundaria de las comunidades de la entidad.<\/span><\/p>\n<p style=\"line-height: 19.5pt;background: white;vertical-align: baseline;margin: 0cm 0cm 22.5pt 0cm\"><span style=\"font-family: 'Arial',sans-serif;color: #444444\">Indic\u00f3 que los l\u00edderes educativos deber\u00e1n tener entre los 16 y 29 a\u00f1os de edad, ser de nacionalidad mexicana, contar con estudios de bachillerato o secundaria como m\u00ednimo, haber recibido el curso intensivo de formaci\u00f3n.<\/span><\/p>\n<p style=\"line-height: 19.5pt;background: white;vertical-align: baseline;margin: 0cm 0cm 22.5pt 0cm\"><span style=\"font-family: 'Arial',sans-serif;color: #444444\">Mencion\u00f3 que los l\u00edderes educativos pueden atender grupos de cinco y un m\u00e1ximo de 29 ni\u00f1os con menor desarrollo humano e \u00edndice de marginaci\u00f3n, en rezago social y en zonas prioritarias.<\/span><\/p>\n<p style=\"line-height: 19.5pt;background: white;vertical-align: baseline;text-align: start;margin: 0cm 0cm 22.5pt 0cm\"><span style=\"font-family: 'Arial',sans-serif;color: #444444\">Indic\u00f3 que los l\u00edderes comunitarios pueden desempe\u00f1arse en los tres rubros del esquema del Conafe, preescolar, primaria y secundaria.<\/span><\/p>\n<p style=\"margin: 0cm;margin-bottom: .0001pt;line-height: 19.5pt;background: white;vertical-align: baseline;text-align: start\"><span style=\"font-family: 'Arial',sans-serif;color: #444444\">Dijo que los l\u00edderes educativos reciben un apoyo mensual por el servicio social que brindan a la comunidad.<\/span><\/p>\n<p style=\"line-height: 19.5pt;background: white;vertical-align: baseline;margin: 0cm 0cm 22.5pt 0cm\"><span style=\"font-family: 'Arial',sans-serif;color: #444444\">\u00a0<\/span><\/p>\n<div class='share-to-whatsapp-wrapper'><div class='share-on-whsp'>Share on: <\/div><a data-text='Estudiantes podr\u00e1n ser l\u00edderes educativos, dice delegado del Consejo Nacional de Fomento Educativo' data-link='https:\/\/visionpeninsular.com\/mid\/estudiantes-podran-ser-lideres-educativos-dice-delegado-del-consejo-nacional-de-fomento-educativo\/' class='whatsapp-button whatsapp-share'>WhatsApp<\/a><div class='clear '><\/div><\/div>","protected":false},"excerpt":{"rendered":"<p>El delegado del Conafe en Campeche Rom\u00e1n Acosta Estrella dijo que los 367 espacios para que los j\u00f3venes estudiantes realicen su servicio social educativo para el ciclo escolar 2016-2017 que fue autorizado por El Consejo Nacional de Fomento Educativo (CONAFE) garantiza la cobertura de la instituci\u00f3n en los niveles preescolar, primaria y secundaria de las &hellip;<\/p>\n","protected":false},"author":3,"featured_media":4735,"comment_status":"open","ping_status":"open","sticky":false,"template":"","format":"standard","meta":{"_mi_skip_tracking":false},"categories":[38,45],"tags":[1019],"_links":{"self":[{"href":"https:\/\/visionpeninsular.com\/mid\/wp-json\/wp\/v2\/posts\/4734"}],"collection":[{"href":"https:\/\/visionpeninsular.com\/mid\/wp-json\/wp\/v2\/posts"}],"about":[{"href":"https:\/\/visionpeninsular.com\/mid\/wp-json\/wp\/v2\/types\/post"}],"author":[{"embeddable":true,"href":"https:\/\/visionpeninsular.com\/mid\/wp-json\/wp\/v2\/users\/3"}],"replies":[{"embeddable":true,"href":"https:\/\/visionpeninsular.com\/mid\/wp-json\/wp\/v2\/comments?post=4734"}],"version-history":[{"count":1,"href":"https:\/\/visionpeninsular.com\/mid\/wp-json\/wp\/v2\/posts\/4734\/revisions"}],"predecessor-version":[{"id":4736,"href":"https:\/\/visionpeninsular.com\/mid\/wp-json\/wp\/v2\/posts\/4734\/revisions\/4736"}],"wp:featuredmedia":[{"embeddable":true,"href":"https:\/\/visionpeninsular.com\/mid\/wp-json\/wp\/v2\/media\/4735"}],"wp:attachment":[{"href":"https:\/\/visionpeninsular.com\/mid\/wp-json\/wp\/v2\/media?parent=4734"}],"wp:term":[{"taxonomy":"category","embeddable":true,"href":"https:\/\/visionpeninsular.com\/mid\/wp-json\/wp\/v2\/categories?post=4734"},{"taxonomy":"post_tag","embeddable":true,"href":"https:\/\/visionpeninsular.com\/mid\/wp-json\/wp\/v2\/tags?post=4734"}],"curies":[{"name":"wp","href":"https:\/\/api.w.org\/{rel}","templated":true}]}}