{"id":47324,"date":"2018-11-05T09:26:48","date_gmt":"2018-11-05T15:26:48","guid":{"rendered":"http:\/\/visionpeninsular.com\/mid\/?p=47324"},"modified":"2018-11-05T09:26:48","modified_gmt":"2018-11-05T15:26:48","slug":"ayuntamiento-refrenda-su-compromiso-con-el-ambiente","status":"publish","type":"post","link":"https:\/\/visionpeninsular.com\/mid\/ayuntamiento-refrenda-su-compromiso-con-el-ambiente\/","title":{"rendered":"Ayuntamiento refrenda su compromiso con el ambiente"},"content":{"rendered":"<p>En reconocimiento a su compromiso con la sustentabilidad y el medio ambiente, el alcalde Ren\u00e1n Barrera Concha refrend\u00f3 la presidencia de la junta directiva del Consejo Internacional para las Iniciativas Ambientales Locales (Iclei).<\/p>\n<p>En reciente congreso de ese organismo celebrado en Guadalajara, los socios avalaron la continuidad del alcalde de M\u00e9rida para el per\u00edodo 2017-2020 de la junta directiva.<\/p>\n<p>El primer edil destac\u00f3 el inter\u00e9s de continuar desde el Ayuntamiento las acciones para la mitigaci\u00f3n y adaptaci\u00f3n al cambio clim\u00e1tico.<\/p>\n<p>Este lunes, el alcalde Ren\u00e1n Barrera presidir\u00e1 la instalaci\u00f3n del Consejo Municipal de Sustentabilidad, que pretende ser gu\u00eda para lograr un desarrollo sustentable que se refleje en la calidad de vida de todos.<\/p>\n<p>A partir de este \u00f3rgano consultivo, el Ayuntamiento en sinergia con representantes de la sociedad civil e instancias de gobierno impulsar\u00e1 las mejores decisiones en materia de cuidado y preservaci\u00f3n de nuestro medio ambiente, de nuestro h\u00e1bitat, con iniciativas ambientales en favor de nuestra M\u00e9rida.<\/p>\n<p>Se\u00f1al\u00f3 que ya se ha tenido un avance con el Plan de Acci\u00f3n Clim\u00e1tica Municipal (Pacmun), donde se han integrado pol\u00edticas p\u00fablicas y estrategias para la reducci\u00f3n de emisiones de gases de efecto invernadero y disminuci\u00f3n de riesgos ambientales, sociales y econ\u00f3micos derivados del cambio clim\u00e1tico.<\/p>\n<p>El presidente municipal comparti\u00f3 que la continuidad de esas estrategias forma parte de la agenda municipal, y ha sido fundamental la participaci\u00f3n del municipio de M\u00e9rida en el ICLEI, que ha permitido impulsar los programas de desarrollo sustentable.<\/p>\n<p>A nombre del alcalde, la directora de Desarrollo Sustentable, Eugenia Correa Arce, asisti\u00f3 al congreso de Guadalajara, que se celebr\u00f3 del 23 al 26 de octubre.<\/p>\n<p>En dicho congreso, la funcionaria comparti\u00f3 los avances en las acciones locales de mitigaci\u00f3n y adaptaci\u00f3n que ha tenido el municipio de M\u00e9rida.<\/p>\n<p>ICLEI es una organizaci\u00f3n internacional, no gubernamental, no lucrativa, que funciona como una asociaci\u00f3n de gobiernos locales, fundada en 1990 en la sede de Naciones Unidas, en Nueva York, Estados Unidos. Es observadora oficial\u00a0 de las Convenciones sobre Cambio Clim\u00e1tico, Diversidad Biol\u00f3gica y de Lucha contra la Desertificaci\u00f3n.<\/p>\n<p>Tiene como misi\u00f3n construir y dar apoyo a un movimiento mundial para mejoras tangibles en las condiciones ambientales locales; as\u00ed como generar condiciones para el desarrollo sustentable global, a trav\u00e9s de acciones locales acumulativas.<\/p>\n<p>Actualmente, ICLEI se encuentra en m\u00e1s de 86 pa\u00edses, con m\u00e1s de 1,500 socios, que representan a m\u00e1s de 850 millones de personas.\u00a0\u00a0\u00a0 El Secretariado para M\u00e9xico, Centroam\u00e9rica y el Caribe trabaja con m\u00e1s de 500 municipios y gobiernos locales, promoviendo iniciativas para implementar de forma eficiente y efectiva el desarrollo sustentable.<\/p>\n<p>El ICLEI re\u00fane a expertos nacionales e internacional para crear y debatir nuevas alternativas de pol\u00edticas locales, entre las cuales est\u00e1n transporte, construcci\u00f3n, resiliencia, biodiversidad, etc.<\/p>\n<p>Dicha organizaci\u00f3n es la red l\u00edder en el mundo y est\u00e1 presente en m\u00e1s de 1,500 ciudades, pueblos y zonas urbanas, y est\u00e1 comprometida con la construcci\u00f3n de un futuro sustentable., ayudando a sus socios a formar ciudades bajas en emisiones de carbono, resilientes, felices y saludables, biodiversas, con una econom\u00eda verde e infraestructura urbana inteligente, con lo que impactan a m\u00e1s del 20 por ciento de la poblaci\u00f3n mundial.<\/p>\n<p>&nbsp;<\/p>\n<div class='share-to-whatsapp-wrapper'><div class='share-on-whsp'>Share on: <\/div><a data-text='Ayuntamiento refrenda su compromiso con el ambiente' data-link='https:\/\/visionpeninsular.com\/mid\/ayuntamiento-refrenda-su-compromiso-con-el-ambiente\/' class='whatsapp-button whatsapp-share'>WhatsApp<\/a><div class='clear '><\/div><\/div>","protected":false},"excerpt":{"rendered":"<p>En reconocimiento a su compromiso con la sustentabilidad y el medio ambiente, el alcalde Ren\u00e1n Barrera Concha refrend\u00f3 la presidencia de la junta directiva del Consejo Internacional para las Iniciativas Ambientales Locales (Iclei). En reciente congreso de ese organismo celebrado en Guadalajara, los socios avalaron la continuidad del alcalde de M\u00e9rida para el per\u00edodo 2017-2020 &hellip;<\/p>\n","protected":false},"author":5,"featured_media":47325,"comment_status":"open","ping_status":"open","sticky":false,"template":"","format":"standard","meta":{"_mi_skip_tracking":false},"categories":[50,37],"tags":[41,239,475,5338],"_links":{"self":[{"href":"https:\/\/visionpeninsular.com\/mid\/wp-json\/wp\/v2\/posts\/47324"}],"collection":[{"href":"https:\/\/visionpeninsular.com\/mid\/wp-json\/wp\/v2\/posts"}],"about":[{"href":"https:\/\/visionpeninsular.com\/mid\/wp-json\/wp\/v2\/types\/post"}],"author":[{"embeddable":true,"href":"https:\/\/visionpeninsular.com\/mid\/wp-json\/wp\/v2\/users\/5"}],"replies":[{"embeddable":true,"href":"https:\/\/visionpeninsular.com\/mid\/wp-json\/wp\/v2\/comments?post=47324"}],"version-history":[{"count":1,"href":"https:\/\/visionpeninsular.com\/mid\/wp-json\/wp\/v2\/posts\/47324\/revisions"}],"predecessor-version":[{"id":47326,"href":"https:\/\/visionpeninsular.com\/mid\/wp-json\/wp\/v2\/posts\/47324\/revisions\/47326"}],"wp:featuredmedia":[{"embeddable":true,"href":"https:\/\/visionpeninsular.com\/mid\/wp-json\/wp\/v2\/media\/47325"}],"wp:attachment":[{"href":"https:\/\/visionpeninsular.com\/mid\/wp-json\/wp\/v2\/media?parent=47324"}],"wp:term":[{"taxonomy":"category","embeddable":true,"href":"https:\/\/visionpeninsular.com\/mid\/wp-json\/wp\/v2\/categories?post=47324"},{"taxonomy":"post_tag","embeddable":true,"href":"https:\/\/visionpeninsular.com\/mid\/wp-json\/wp\/v2\/tags?post=47324"}],"curies":[{"name":"wp","href":"https:\/\/api.w.org\/{rel}","templated":true}]}}