{"id":47247,"date":"2018-11-02T05:58:52","date_gmt":"2018-11-02T11:58:52","guid":{"rendered":"http:\/\/visionpeninsular.com\/mid\/?p=47247"},"modified":"2018-11-02T05:58:52","modified_gmt":"2018-11-02T11:58:52","slug":"urgen-al-imss-en-quintana-roo-a-reparar-dano-moral","status":"publish","type":"post","link":"https:\/\/visionpeninsular.com\/mid\/urgen-al-imss-en-quintana-roo-a-reparar-dano-moral\/","title":{"rendered":"Urgen al IMSS en Quintana Roo a reparar da\u00f1o moral"},"content":{"rendered":"<p>CANC\u00daN, Q. ROO.- A casi cuatro a\u00f1os de la muerte de un reci\u00e9n nacido atribuible a la falta de atenci\u00f3n m\u00e9dica e incumplimiento de protocolos hospitalarios, la Comisi\u00f3n Nacional de Derechos Humanos (CNDH) urgi\u00f3 al Instituto Mexicano del Seguro Social (IMSS) a que repare el da\u00f1o moral de las v\u00edctimas.<\/p>\n<p>En la recomendaci\u00f3n 40\/2018, exhort\u00f3 para que se inscriba a los quejosos en el Registro Nacional de V\u00edctimas, se capacite y certifique al personal m\u00e9dico y se inicien las denuncias de hechos de lo ocurrido en el Hospital General de Zona con Medicina Familiar No. 1 en Chetumal, Quintana Roo, en noviembre de 2014.<\/p>\n<p>El ombudsman recomend\u00f3 tambi\u00e9n a la Fiscal\u00eda General del Estado (FGE), como primera instancia encargada del esclarecimiento de los hechos, a que colabore para presentar y dar seguimiento a una queja conjunta, ante las irregularidades detectadas en este caso.<\/p>\n<p>Igual que al IMSS, recomend\u00f3 dise\u00f1ar e impartir un curso integral de capacitaci\u00f3n de derechos humanos en materia de procuraci\u00f3n de justicia.<\/p>\n<p>Lo anterior, porque en la investigaci\u00f3n que interpusieron los afectados se les neg\u00f3 su condici\u00f3n de v\u00edctimas y dej\u00f3 inactiva la investigaci\u00f3n por m\u00e1s de dos a\u00f1os. El caso, por incompetencia, fue remitido a la Procuradur\u00eda General de la Rep\u00fablica (PGR).<\/p>\n<p>Se\u00f1al\u00f3 que para garantizar la reparaci\u00f3n integral del da\u00f1o se deber\u00e1 identificar, juzgar y, en su caso, sancionar a los responsables, adem\u00e1s de implementar medidas preventivas y correctivas.<\/p>\n<p>Los hechos se remontan a octubre de 2014. La v\u00edctima ten\u00eda un embarazo de 33 semanas y 3 d\u00edas, los dict\u00e1menes m\u00e9dicos confirmaron una condici\u00f3n m\u00e9dica normal en aquel momento. El neonato deb\u00eda nacer el 22 de noviembre, pero muri\u00f3 cuatro d\u00edas antes.<\/p>\n<p>Las investigaciones establecieron que fueron algunos s\u00edntomas de alerta los que llevaron a la mujer a solicitar atenci\u00f3n m\u00e9dica. No obstante, no canalizarla a un segundo nivel de atenci\u00f3n, la tardanza de ultrasonidos y una decisi\u00f3n tard\u00eda del procedimiento de ces\u00e1rea, de casi 45 minutos, fueron determinantes.<\/p>\n<p>Las investigaciones muestran que fueron complicaciones de preclampsia y el desprendimiento de placenta de la paciente embarazada lo que contribuy\u00f3 a la muerte del menor.<\/p>\n<p>Para el personal m\u00e9dico involucrado, el ni\u00f1o naci\u00f3 sin vida. \u201cCuando naci\u00f3 el beb\u00e9 su estado de salud era grave, no llor\u00f3, ni respir\u00f3 al nacer, ten\u00eda el cord\u00f3n, pero con una frecuencia baja, estaba en coloraci\u00f3n rosa\u2026\u201d.<\/p>\n<p>Sin embargo, la necropsia realizada por la PGR revel\u00f3 que el infante tuvo vida por cinco minutos, naci\u00f3 y respir\u00f3. Al final, fue v\u00edctima de un sufrimiento fetal agudo por un parto prolongado.<\/p>\n<p>De acuerdo a la recomendaci\u00f3n, hubo inconsistencias en la edad y condiciones del menor, que en aquel momento debi\u00f3 tener 37.4 semanas y padecer peso bajo.<\/p>\n<p>Hubo tambi\u00e9n falta de decisi\u00f3n para canalizar a la madre del beb\u00e9 al servicio de urgencias de ginecobstetricia para recibir una atenci\u00f3n especializada, y el otorgamiento de medicamentos que pudieron contribuir en forma negativa.<\/p>\n<p>La investigaci\u00f3n de la CNDH concluy\u00f3 que se impidi\u00f3 el derecho a la protecci\u00f3n de la salud de la v\u00edctima y que se omiti\u00f3 una historia cl\u00ednica completa para determinar factores de riesgo en la evoluci\u00f3n del embarazo.<\/p>\n<p>Adem\u00e1s, se incumpli\u00f3 el protocolo m\u00e9dico establecido en la \u201cGu\u00eda pr\u00e1ctica cl\u00ednica para el control prenatal con enfoque de riesgo\u201d, entre otros ordenamientos m\u00e9dicos y administrativos.<\/p>\n<p>La CNDH resalt\u00f3 que la mujer tampoco tuvo una exploraci\u00f3n f\u00edsica completa, como lo establece la Norma Oficial Mexicana 007-SSA2-1993, respecto a la atenci\u00f3n durante el embarazo, parto y puerperio y del reci\u00e9n nacido.<\/p>\n<p>Se determin\u00f3 que si la v\u00edctima hubiera sido canalizada a otro nivel de atenci\u00f3n habr\u00eda recibido una atenci\u00f3n oportuna e id\u00f3nea, y un \u201cmejor pron\u00f3stico de sobrevida para el producto en gestaci\u00f3n\u201d.<\/p>\n<p>Derivado de esos hechos, la v\u00edctima interpuso una queja ante el IMSS, que determin\u00f3 el pago de una indemnizaci\u00f3n por la muerte del infante, el cual fue otorgado en diciembre de 2015.<\/p>\n<p>El Instituto, en un comunicado, inform\u00f3 que cumplir\u00e1 con la recomendaci\u00f3n de la CNDH, al que consider\u00f3 como \u201cun caso de violaci\u00f3n al derecho al trato digno, a la informaci\u00f3n veraz y oportuna, as\u00ed como a la seguridad jur\u00eddica de la mujer\u201d.<\/p>\n<p>Destac\u00f3 que el Seguro Social adopt\u00f3 diversas medidas preventivas, con el prop\u00f3sito de evitar hechos similares e instruy\u00f3 a la Delegaci\u00f3n estatal para que cumpla, en el marco de su competencia, en los contenidos de la recomendaci\u00f3n.<\/p>\n<p>Adem\u00e1s, pidi\u00f3 reforzar la capacitaci\u00f3n del personal en materia de derechos humanos, del Hospital General de Zona con Medicina Familiar No. 1, en Chetumal.<\/p>\n<p>La CNDH se pronunci\u00f3 por brindar atenci\u00f3n sicol\u00f3gica y tanatol\u00f3gica a las v\u00edctimas que as\u00ed lo requieran, adem\u00e1s de implementar acciones que impidan se repita este tipo de hechos que violan los Derechos Humanos.<\/p>\n<p>Urgi\u00f3 al IMSS para que se implementen cursos integrales al personal m\u00e9dico y de enfermer\u00eda con capacitaci\u00f3n y formaci\u00f3n en Derechos Humanos, contra las malas pr\u00e1cticas, emergencias obst\u00e9tricas, responsabilidad profesional, trato digno a los pacientes y atenci\u00f3n del reci\u00e9n nacido.<\/p>\n<p>Adem\u00e1s, llam\u00f3 a establecer la certificaci\u00f3n y recertificaci\u00f3n del personal para brindar un servicio m\u00e9dico y profesional.<\/p>\n<div class='share-to-whatsapp-wrapper'><div class='share-on-whsp'>Share on: <\/div><a data-text='Urgen al IMSS en Quintana Roo a reparar da\u00f1o moral' data-link='https:\/\/visionpeninsular.com\/mid\/urgen-al-imss-en-quintana-roo-a-reparar-dano-moral\/' class='whatsapp-button whatsapp-share'>WhatsApp<\/a><div class='clear '><\/div><\/div>","protected":false},"excerpt":{"rendered":"<p>CANC\u00daN, Q. ROO.- A casi cuatro a\u00f1os de la muerte de un reci\u00e9n nacido atribuible a la falta de atenci\u00f3n m\u00e9dica e incumplimiento de protocolos hospitalarios, la Comisi\u00f3n Nacional de Derechos Humanos (CNDH) urgi\u00f3 al Instituto Mexicano del Seguro Social (IMSS) a que repare el da\u00f1o moral de las v\u00edctimas. En la recomendaci\u00f3n 40\/2018, exhort\u00f3 &hellip;<\/p>\n","protected":false},"author":1,"featured_media":47248,"comment_status":"open","ping_status":"open","sticky":false,"template":"","format":"standard","meta":{"_mi_skip_tracking":false},"categories":[48],"tags":[13148],"_links":{"self":[{"href":"https:\/\/visionpeninsular.com\/mid\/wp-json\/wp\/v2\/posts\/47247"}],"collection":[{"href":"https:\/\/visionpeninsular.com\/mid\/wp-json\/wp\/v2\/posts"}],"about":[{"href":"https:\/\/visionpeninsular.com\/mid\/wp-json\/wp\/v2\/types\/post"}],"author":[{"embeddable":true,"href":"https:\/\/visionpeninsular.com\/mid\/wp-json\/wp\/v2\/users\/1"}],"replies":[{"embeddable":true,"href":"https:\/\/visionpeninsular.com\/mid\/wp-json\/wp\/v2\/comments?post=47247"}],"version-history":[{"count":1,"href":"https:\/\/visionpeninsular.com\/mid\/wp-json\/wp\/v2\/posts\/47247\/revisions"}],"predecessor-version":[{"id":47249,"href":"https:\/\/visionpeninsular.com\/mid\/wp-json\/wp\/v2\/posts\/47247\/revisions\/47249"}],"wp:featuredmedia":[{"embeddable":true,"href":"https:\/\/visionpeninsular.com\/mid\/wp-json\/wp\/v2\/media\/47248"}],"wp:attachment":[{"href":"https:\/\/visionpeninsular.com\/mid\/wp-json\/wp\/v2\/media?parent=47247"}],"wp:term":[{"taxonomy":"category","embeddable":true,"href":"https:\/\/visionpeninsular.com\/mid\/wp-json\/wp\/v2\/categories?post=47247"},{"taxonomy":"post_tag","embeddable":true,"href":"https:\/\/visionpeninsular.com\/mid\/wp-json\/wp\/v2\/tags?post=47247"}],"curies":[{"name":"wp","href":"https:\/\/api.w.org\/{rel}","templated":true}]}}