{"id":47193,"date":"2018-11-01T11:25:24","date_gmt":"2018-11-01T17:25:24","guid":{"rendered":"http:\/\/visionpeninsular.com\/mid\/?p=47193"},"modified":"2018-11-02T08:03:13","modified_gmt":"2018-11-02T14:03:13","slug":"nuevo-fiscal-general-ofrece-devolver-confianza-en-imparticion-de-justicia","status":"publish","type":"post","link":"https:\/\/visionpeninsular.com\/mid\/nuevo-fiscal-general-ofrece-devolver-confianza-en-imparticion-de-justicia\/","title":{"rendered":"Nuevo Fiscal General  ofrece devolver confianza en impartici\u00f3n de Justicia"},"content":{"rendered":"<p>En ceremonia encabezada por la titular de la Secretar\u00eda General de Gobierno (SGG), Mar\u00eda Fritz Sierra, este d\u00eda tom\u00f3 posesi\u00f3n como fiscal General del Estado, el abogado W\u00edlberth Cetina Arjona, quien destac\u00f3 que pondr\u00e1 todo su empe\u00f1o, capacidad y conocimientos para cumplir con las expectativas del pueblo de Yucat\u00e1n sobre la impartici\u00f3n de justicia, se\u00f1alando que su actividad prioritaria es conocer la situaci\u00f3n en que se encuentra la instancia y sus asuntos internos, no s\u00f3lo en el tema jur\u00eddico sino tambi\u00e9n en el administrativo. En este sentido, inform\u00f3 que se reunir\u00e1 con su antecesor, con el fin de detectar las cuestiones que requieren atenci\u00f3n inmediata.<\/p>\n<p>\u201cHar\u00e9 todo con mi mejor esfuerzo, mi voluntad y mis capacidades, para estar al servicio del Estado\u201d, dijo tras refrendar su compromiso para cumplir a cabalidad con esta encomienda.<\/p>\n<p>\u201cEstoy interesado en saber c\u00f3mo podemos ayudar al personal, para que haga un trabajo mucho m\u00e1s eficiente. En estos d\u00edas, quiero visitar a todas las agencias for\u00e1neas, las perif\u00e9ricas; hay que tener el conocimiento exacto, muy cercano a la realidad, para que podamos conocer qu\u00e9 aspectos est\u00e1n mal, qu\u00e9 podemos componer y cu\u00e1les son los planes a futuro\u201d, expuso.<\/p>\n<p>Respecto a la cultura de atenci\u00f3n a v\u00edctimas, se\u00f1al\u00f3 que es necesario un seguimiento profesional de manera cualitativa; sobre el aspecto humano, mencion\u00f3 quisiera extender mayor acompa\u00f1amiento para las v\u00edctimas, muchas de las cuales s\u00f3lo piden castigo, \u201cpero la ley ya tiene establecidas las normas para que esto se d\u00e9; lo que queremos es que la persona se sienta aceptada\u201d.<\/p>\n<p>Cetina Arjona record\u00f3 que el Gobernador Mauricio Vila Dosal ha sido muy claro al se\u00f1alar que, en su administraci\u00f3n, no se tolerar\u00e1 la corrupci\u00f3n ni la ilegalidad, y ha ofrecido a la ciudadan\u00eda un Gobierno, austero, transparente y enfocado en ayudar a los m\u00e1s necesitados, lo cual incluye velar por una procuraci\u00f3n de justicia pronta y expedita.<\/p>\n<p>Wilberth Cetina Arjona tiene 66 a\u00f1os de edad, naci\u00f3 en M\u00e9rida y su vida profesional la ha dedicado por entero a litigar, lo que la da una experiencia muy s\u00f3lida en cuanto a los procedimientos, tiempos y resultados requeridos en este \u00e1mbito.<\/p>\n<p>Ha intervenido en asuntos penales, civiles, familiares, mercantiles, administrativos y de amparo, as\u00ed como en calidad de asesor jur\u00eddico de diversas empresas, tanto con el modelo tradicional como en el nuevo Sistema de Justicia Penal Acusatorio y Oral.<\/p>\n<p>Para esta elecci\u00f3n de fiscal, quien ser\u00e1 independiente en su actuar y con la mira puesta en servir a la sociedad, se abre una nueva etapa en la impartici\u00f3n de justicia en el territorio, donde la ciudadan\u00eda, las mujeres y los hombres de la calle, pueden tener plena confianza en que sus derechos ser\u00e1n respetados y su seguridad, defendida, con todo el empe\u00f1o y la capacidad.<\/p>\n<div class='share-to-whatsapp-wrapper'><div class='share-on-whsp'>Share on: <\/div><a data-text='Nuevo Fiscal General  ofrece devolver confianza en impartici\u00f3n de Justicia' data-link='https:\/\/visionpeninsular.com\/mid\/nuevo-fiscal-general-ofrece-devolver-confianza-en-imparticion-de-justicia\/' class='whatsapp-button whatsapp-share'>WhatsApp<\/a><div class='clear '><\/div><\/div>","protected":false},"excerpt":{"rendered":"<p>En ceremonia encabezada por la titular de la Secretar\u00eda General de Gobierno (SGG), Mar\u00eda Fritz Sierra, este d\u00eda tom\u00f3 posesi\u00f3n como fiscal General del Estado, el abogado W\u00edlberth Cetina Arjona, quien destac\u00f3 que pondr\u00e1 todo su empe\u00f1o, capacidad y conocimientos para cumplir con las expectativas del pueblo de Yucat\u00e1n sobre la impartici\u00f3n de justicia, se\u00f1alando &hellip;<\/p>\n","protected":false},"author":5,"featured_media":47254,"comment_status":"open","ping_status":"open","sticky":false,"template":"","format":"standard","meta":{"_mi_skip_tracking":false},"categories":[50,37],"tags":[6933,13113],"_links":{"self":[{"href":"https:\/\/visionpeninsular.com\/mid\/wp-json\/wp\/v2\/posts\/47193"}],"collection":[{"href":"https:\/\/visionpeninsular.com\/mid\/wp-json\/wp\/v2\/posts"}],"about":[{"href":"https:\/\/visionpeninsular.com\/mid\/wp-json\/wp\/v2\/types\/post"}],"author":[{"embeddable":true,"href":"https:\/\/visionpeninsular.com\/mid\/wp-json\/wp\/v2\/users\/5"}],"replies":[{"embeddable":true,"href":"https:\/\/visionpeninsular.com\/mid\/wp-json\/wp\/v2\/comments?post=47193"}],"version-history":[{"count":1,"href":"https:\/\/visionpeninsular.com\/mid\/wp-json\/wp\/v2\/posts\/47193\/revisions"}],"predecessor-version":[{"id":47195,"href":"https:\/\/visionpeninsular.com\/mid\/wp-json\/wp\/v2\/posts\/47193\/revisions\/47195"}],"wp:featuredmedia":[{"embeddable":true,"href":"https:\/\/visionpeninsular.com\/mid\/wp-json\/wp\/v2\/media\/47254"}],"wp:attachment":[{"href":"https:\/\/visionpeninsular.com\/mid\/wp-json\/wp\/v2\/media?parent=47193"}],"wp:term":[{"taxonomy":"category","embeddable":true,"href":"https:\/\/visionpeninsular.com\/mid\/wp-json\/wp\/v2\/categories?post=47193"},{"taxonomy":"post_tag","embeddable":true,"href":"https:\/\/visionpeninsular.com\/mid\/wp-json\/wp\/v2\/tags?post=47193"}],"curies":[{"name":"wp","href":"https:\/\/api.w.org\/{rel}","templated":true}]}}