{"id":47187,"date":"2018-11-01T10:32:54","date_gmt":"2018-11-01T16:32:54","guid":{"rendered":"http:\/\/visionpeninsular.com\/mid\/?p=47187"},"modified":"2018-11-01T10:32:54","modified_gmt":"2018-11-01T16:32:54","slug":"estimulos-economicos-para-escuelas-de-tiempo-completo-en-yucatan","status":"publish","type":"post","link":"https:\/\/visionpeninsular.com\/mid\/estimulos-economicos-para-escuelas-de-tiempo-completo-en-yucatan\/","title":{"rendered":"Est\u00edmulos econ\u00f3micos para escuelas de tiempo completo en Yucat\u00e1n"},"content":{"rendered":"<p>Planteles incorporados al programa Escuelas de Tiempo Completo ahora cuentan con mayores oportunidades para emprender acciones que garanticen una educaci\u00f3n de calidad en favor de la ni\u00f1ez y juventud de Yucat\u00e1n, gracias a los recursos que el Gobernador Mauricio Vila Dosal entreg\u00f3 para el fortalecimiento de la autonom\u00eda de gesti\u00f3n escolar.<\/p>\n<p>Acompa\u00f1ado de la titular de la Secretar\u00eda de Educaci\u00f3n (Segey), Loreto Noem\u00ed Villanueva Trujillo, el mandatario puso a disposici\u00f3n est\u00edmulos econ\u00f3micos por 43.3 millones de pesos para 600 centros de ense\u00f1anza, distribuidos en 95 municipios, lo que beneficiar\u00e1 a m\u00e1s de 86 mil alumnas y alumnos.<\/p>\n<p>En ese sentido, dichos fondos asegurar\u00e1n la correcta operaci\u00f3n de los colegios con horario ampliado, con lo cual el Gobierno del Estado reitera su compromiso de otorgar a ni\u00f1as, ni\u00f1os y adolescentes la preparaci\u00f3n que merecen, al tiempo que se dota al cuerpo docente de lo necesario para el desempe\u00f1o de su tarea en toda la geograf\u00eda del territorio.<\/p>\n<p>En presencia de profesoras y profesores, as\u00ed como dirigentes de instituciones, el titular del Poder Ejecutivo afirm\u00f3 que la administraci\u00f3n que encabeza trabajar\u00e1 arduamente para seguir impulsando una formaci\u00f3n integral y de calidad en la entidad, por lo que los apoyos a este sector continuar\u00e1n llegando a donde se requieran y, en la medida de lo posible, ir\u00e1n en aumento.<\/p>\n<p>Desde el Centro de Convenciones \u201cSalim Abraham Daguer\u201d de la C\u00e1mara Nacional de Comercio, Servicios y Turismo (Canaco-Servytur) de M\u00e9rida, Vila Dosal sostuvo que a estos esfuerzos se sumar\u00e1n los del Congreso del Estado y las direcciones de cada plantel, que contribuir\u00e1n a trav\u00e9s de la mejora de las condiciones laborales del magisterio y la adecuaci\u00f3n de las escuelas.<\/p>\n<p>\u201cQue haya una mejor coordinaci\u00f3n con la Secretar\u00eda de Educaci\u00f3n y una de las principales instrucciones que hemos dado es que se establecer\u00e1 un comit\u00e9 de transparencia para la asignaci\u00f3n de plazas y horas, porque deben ser para quienes se lo merecen\u201d, asever\u00f3.<\/p>\n<p>Adem\u00e1s, manifest\u00f3 que se emprender\u00e1 una estrategia para el mantenimiento de las instalaciones que dar\u00e1 prioridad al respaldo de la Educaci\u00f3n Ind\u00edgena, para lo cual se efectuar\u00e1 un diagn\u00f3stico que permita ocuparse de los rubros m\u00e1s urgentes, para darles la atenci\u00f3n que se requiera.<\/p>\n<p>El Gobernador agreg\u00f3 que se evaluar\u00e1 el desempe\u00f1o y servicio de quienes trabajan en la Segey y los Centros de Desarrollo Educativo (Cede), para ofrecerles un trato eficiente que les permita continuar con su importante labor.<\/p>\n<p>Esto, en cumplimiento del compromiso adquirido durante el Foro de Consulta Estatal Participativa \u201cPor un acuerdo nacional sobre la educaci\u00f3n\u201d, donde estuvo presente el pr\u00f3ximo titular de la Secretar\u00eda de Educaci\u00f3n P\u00fablica (SEP), Estaban Moctezuma Barrag\u00e1n.<\/p>\n<p>Al resaltar la relevancia de destinar fondos para el correcto aprendizaje, indic\u00f3 que en su mandato se har\u00e1 rendir el dinero. Por ello, desde el inicio de su gesti\u00f3n, se instal\u00f3 el Consejo Consultivo del Presupuesto y Ejercicio, para vigilar el uso y manejo de los recursos de las y los yucatecos, mediante una activa participaci\u00f3n de la sociedad civil y de este sector.<\/p>\n<p>De igual manera, se puso en marcha el Plan de Austeridad para el Gobierno del Estado, que permitir\u00e1 un ahorro de mil millones de pesos al a\u00f1o, a trav\u00e9s de acciones que reducen gastos innecesarios.<\/p>\n<p>En su intervenci\u00f3n, Villanueva Trujillo dijo que con esta acci\u00f3n se est\u00e1 abonando a la transformaci\u00f3n de la entidad, puesto que es a trav\u00e9s de la ense\u00f1anza que se pueden alcanzar mejores oportunidades para la ni\u00f1ez y juventud de Yucat\u00e1n.<\/p>\n<p>En este marco, la funcionaria destac\u00f3 el profesionalismo, entrega y pasi\u00f3n del profesorado, que da lo mejor de s\u00ed para el funcionamiento de las Escuelas de Tiempo Completo, por lo que, declar\u00f3, el Gobernador ha instruido que los apoyos lleguen a las diferentes regiones del territorio.<\/p>\n<p>En representaci\u00f3n de los planteles beneficiados, Luis Felipe de Jes\u00fas Esquivel Castillo, director de la primaria general \u201cErmilo Abreu G\u00f3mez\u201d de M\u00e9rida, afirm\u00f3 que esta ayuda se ver\u00e1 reflejada en la mejora de los procesos de adiestramiento, en capacitaci\u00f3n del personal, adquisici\u00f3n de material did\u00e1ctico y adecuaci\u00f3n de los espacios que m\u00e1s usa el alumnado.<\/p>\n<p>En el evento, el preescolar \u201cZazil Kuxtal\u201d de Sey\u00e9, la primaria \u201cEmiliano Zapata\u201d de Nohsuyt\u00fan, Valladolid, la escuela de educaci\u00f3n especial Centro de Atenci\u00f3n M\u00faltiple n\u00famero 14 de Progreso, y la Secundaria T\u00e9cnica n\u00famero 67 de Tahdzi\u00fa, recibieron de manos del titular de Vila Dosal fondos por 90 mil pesos.<\/p>\n<p>Asimismo, la secundaria general \u201cJos\u00e9 Antonio Hern\u00e1ndez Alejos\u201d de Pustunich, Ticul, y la estatal Secundaria n\u00famero 88, de Chikindzonot, recursos iguales a 80 mil pesos.<\/p>\n<p>Bolet\u00edn de prensa<\/p>\n<p>&nbsp;<\/p>\n<div class='share-to-whatsapp-wrapper'><div class='share-on-whsp'>Share on: <\/div><a data-text='Est\u00edmulos econ\u00f3micos para escuelas de tiempo completo en Yucat\u00e1n' data-link='https:\/\/visionpeninsular.com\/mid\/estimulos-economicos-para-escuelas-de-tiempo-completo-en-yucatan\/' class='whatsapp-button whatsapp-share'>WhatsApp<\/a><div class='clear '><\/div><\/div>","protected":false},"excerpt":{"rendered":"<p>Planteles incorporados al programa Escuelas de Tiempo Completo ahora cuentan con mayores oportunidades para emprender acciones que garanticen una educaci\u00f3n de calidad en favor de la ni\u00f1ez y juventud de Yucat\u00e1n, gracias a los recursos que el Gobernador Mauricio Vila Dosal entreg\u00f3 para el fortalecimiento de la autonom\u00eda de gesti\u00f3n escolar. Acompa\u00f1ado de la titular &hellip;<\/p>\n","protected":false},"author":5,"featured_media":47188,"comment_status":"open","ping_status":"open","sticky":false,"template":"","format":"standard","meta":{"_mi_skip_tracking":false},"categories":[50,37],"tags":[9499,13130,185,3861,604],"_links":{"self":[{"href":"https:\/\/visionpeninsular.com\/mid\/wp-json\/wp\/v2\/posts\/47187"}],"collection":[{"href":"https:\/\/visionpeninsular.com\/mid\/wp-json\/wp\/v2\/posts"}],"about":[{"href":"https:\/\/visionpeninsular.com\/mid\/wp-json\/wp\/v2\/types\/post"}],"author":[{"embeddable":true,"href":"https:\/\/visionpeninsular.com\/mid\/wp-json\/wp\/v2\/users\/5"}],"replies":[{"embeddable":true,"href":"https:\/\/visionpeninsular.com\/mid\/wp-json\/wp\/v2\/comments?post=47187"}],"version-history":[{"count":1,"href":"https:\/\/visionpeninsular.com\/mid\/wp-json\/wp\/v2\/posts\/47187\/revisions"}],"predecessor-version":[{"id":47189,"href":"https:\/\/visionpeninsular.com\/mid\/wp-json\/wp\/v2\/posts\/47187\/revisions\/47189"}],"wp:featuredmedia":[{"embeddable":true,"href":"https:\/\/visionpeninsular.com\/mid\/wp-json\/wp\/v2\/media\/47188"}],"wp:attachment":[{"href":"https:\/\/visionpeninsular.com\/mid\/wp-json\/wp\/v2\/media?parent=47187"}],"wp:term":[{"taxonomy":"category","embeddable":true,"href":"https:\/\/visionpeninsular.com\/mid\/wp-json\/wp\/v2\/categories?post=47187"},{"taxonomy":"post_tag","embeddable":true,"href":"https:\/\/visionpeninsular.com\/mid\/wp-json\/wp\/v2\/tags?post=47187"}],"curies":[{"name":"wp","href":"https:\/\/api.w.org\/{rel}","templated":true}]}}