{"id":47166,"date":"2018-11-01T06:33:27","date_gmt":"2018-11-01T12:33:27","guid":{"rendered":"http:\/\/visionpeninsular.com\/mid\/?p=47166"},"modified":"2018-11-01T06:33:27","modified_gmt":"2018-11-01T12:33:27","slug":"analizan-cese-del-director-policiaco-de-ciudad-del-carmen","status":"publish","type":"post","link":"https:\/\/visionpeninsular.com\/mid\/analizan-cese-del-director-policiaco-de-ciudad-del-carmen\/","title":{"rendered":"Analizan cese del director policiaco de Ciudad del Carmen"},"content":{"rendered":"<p>En respuesta a las voces que exigen la destituci\u00f3n del director de Seguridad P\u00fablica, Carlos Eduardo del Rivero Gal\u00e1n, tras los hechos violentos ocurridos el domingo, el edil \u00d3scar Rom\u00e1n Rosas Gonz\u00e1lez afirm\u00f3 que a\u00fan no lo ha decidido, aunque advirti\u00f3 que cualquier persona que no d\u00e9 el ancho ser\u00e1 removido.<\/p>\n<p>Para determinar qui\u00e9nes son realmente culpables de los hechos donde tres personas perdieron la vida \u2014agreg\u00f3\u2014, damos seguimiento a lo ocurrido, y el conductor de la patrulla tendr\u00e1 que asumir su responsabilidad.<\/p>\n<p>\u201cDe los otros, en el caso de alg\u00fan polic\u00eda u otro cargo mayor, ya sabremos qu\u00e9 decisi\u00f3n tomar. Son cosas que se tienen que valorar en funci\u00f3n de las investigaciones, pero a\u00fan no hemos tomado ninguna decisi\u00f3n\u201d.<\/p>\n<p>Por otro lado, el edil inform\u00f3 que la Comuna ha apoyado a los familiares de las v\u00edctimas del accidente, lament\u00f3 la p\u00e9rdida de vidas humanas y dio a conocer que los parientes de los fallecidos pidieron el traslado de sus seres queridos a Tabasco, y se ha dado puntual seguimiento a todos esos tr\u00e1mites.<\/p>\n<p>No se lo deseamos a nadie, pero es momento de ser solidarios con ellos, y tampoco la penosa acci\u00f3n de algunos ciudadanos que lastimaron a un polic\u00eda sin tener nada que ver, pues s\u00f3lo resguardaba el espacio para que las autoridades hicieran su trabajo, aclar\u00f3.<\/p>\n<p>\u201cSe trat\u00f3 de un accidente, no de un acto indebido de los polic\u00edas, que no iban en estado de ebriedad, como en alg\u00fan momento se dijo, eso nos pudo haber ocurrido a cualquiera de nosotros. Tambi\u00e9n he estado muy pendiente de la evoluci\u00f3n del polic\u00eda que fue lastimado\u201d.<\/p>\n<p>Ya se trabaja \u2014recalc\u00f3\u2014, en recobrar la confianza de la ciudadan\u00eda hacia los guardianes del orden, por lo cual se fortalecer\u00e1 el tema de los ex\u00e1menes de control de confianza, y se comprometi\u00f3 a capacitarlos para que den buen trato en los retenes.<\/p>\n<p>\u201cEs algo que ha reclamado la gente de manera muy justa, que haya un mejor trato hacia los ciudadanos. No es correcto lo que hacen los polic\u00edas, porque los retenes contribuyen a darle mejor seguridad a la gente, que merece buen trato, y los agentes deben tener mejor preparaci\u00f3n\u201d.<\/p>\n<div class='share-to-whatsapp-wrapper'><div class='share-on-whsp'>Share on: <\/div><a data-text='Analizan cese del director policiaco de Ciudad del Carmen' data-link='https:\/\/visionpeninsular.com\/mid\/analizan-cese-del-director-policiaco-de-ciudad-del-carmen\/' class='whatsapp-button whatsapp-share'>WhatsApp<\/a><div class='clear '><\/div><\/div>","protected":false},"excerpt":{"rendered":"<p>En respuesta a las voces que exigen la destituci\u00f3n del director de Seguridad P\u00fablica, Carlos Eduardo del Rivero Gal\u00e1n, tras los hechos violentos ocurridos el domingo, el edil \u00d3scar Rom\u00e1n Rosas Gonz\u00e1lez afirm\u00f3 que a\u00fan no lo ha decidido, aunque advirti\u00f3 que cualquier persona que no d\u00e9 el ancho ser\u00e1 removido. Para determinar qui\u00e9nes son &hellip;<\/p>\n","protected":false},"author":1,"featured_media":47167,"comment_status":"open","ping_status":"open","sticky":false,"template":"","format":"standard","meta":{"_mi_skip_tracking":false},"categories":[46],"tags":[13128],"_links":{"self":[{"href":"https:\/\/visionpeninsular.com\/mid\/wp-json\/wp\/v2\/posts\/47166"}],"collection":[{"href":"https:\/\/visionpeninsular.com\/mid\/wp-json\/wp\/v2\/posts"}],"about":[{"href":"https:\/\/visionpeninsular.com\/mid\/wp-json\/wp\/v2\/types\/post"}],"author":[{"embeddable":true,"href":"https:\/\/visionpeninsular.com\/mid\/wp-json\/wp\/v2\/users\/1"}],"replies":[{"embeddable":true,"href":"https:\/\/visionpeninsular.com\/mid\/wp-json\/wp\/v2\/comments?post=47166"}],"version-history":[{"count":1,"href":"https:\/\/visionpeninsular.com\/mid\/wp-json\/wp\/v2\/posts\/47166\/revisions"}],"predecessor-version":[{"id":47168,"href":"https:\/\/visionpeninsular.com\/mid\/wp-json\/wp\/v2\/posts\/47166\/revisions\/47168"}],"wp:featuredmedia":[{"embeddable":true,"href":"https:\/\/visionpeninsular.com\/mid\/wp-json\/wp\/v2\/media\/47167"}],"wp:attachment":[{"href":"https:\/\/visionpeninsular.com\/mid\/wp-json\/wp\/v2\/media?parent=47166"}],"wp:term":[{"taxonomy":"category","embeddable":true,"href":"https:\/\/visionpeninsular.com\/mid\/wp-json\/wp\/v2\/categories?post=47166"},{"taxonomy":"post_tag","embeddable":true,"href":"https:\/\/visionpeninsular.com\/mid\/wp-json\/wp\/v2\/tags?post=47166"}],"curies":[{"name":"wp","href":"https:\/\/api.w.org\/{rel}","templated":true}]}}