{"id":47133,"date":"2018-10-31T04:40:25","date_gmt":"2018-10-31T10:40:25","guid":{"rendered":"http:\/\/visionpeninsular.com\/mid\/?p=47133"},"modified":"2018-10-30T21:40:25","modified_gmt":"2018-10-31T03:40:25","slug":"despiden-a-empleado-de-segey-por-usar-auto-oficial-para-ir-al-super","status":"publish","type":"post","link":"https:\/\/visionpeninsular.com\/mid\/despiden-a-empleado-de-segey-por-usar-auto-oficial-para-ir-al-super\/","title":{"rendered":"Despiden a empleado de SEGEY por usar auto oficial para ir al s\u00faper"},"content":{"rendered":"<p>Acorde con la visi\u00f3n de este nuevo Gobierno, que se rige por la transparencia y que rendir\u00e1 cuentas claras a los yucatecos, la Secretar\u00eda de Educaci\u00f3n del Gobierno del Estado de Yucat\u00e1n informa que en d\u00edas pasados tom\u00f3 conocimiento de una denuncia en redes sociales que report\u00f3, el domingo 14 pasado, el caso de un veh\u00edculo oficial asignado a esta dependencia siendo usado fuera del horario laboral a las puertas de un supermercado en Ciudad Caucel.<\/p>\n<p>Por instrucciones del gobernador Mauricio Vila Dosal, se realizaron las investigaciones pertinentes y se procedi\u00f3 a la remoci\u00f3n del empleado responsable del veh\u00edculo conforme a la Ley.<\/p>\n<p>De esta manera, el gobierno del Estado reitera su compromiso para vigilar el correcto uso de los recursos de los yucatecos de manera eficiente y transparente.<\/p>\n<p>Comunicado de prensa<\/p>\n<p>&nbsp;<\/p>\n<div class='share-to-whatsapp-wrapper'><div class='share-on-whsp'>Share on: <\/div><a data-text='Despiden a empleado de SEGEY por usar auto oficial para ir al s\u00faper' data-link='https:\/\/visionpeninsular.com\/mid\/despiden-a-empleado-de-segey-por-usar-auto-oficial-para-ir-al-super\/' class='whatsapp-button whatsapp-share'>WhatsApp<\/a><div class='clear '><\/div><\/div>","protected":false},"excerpt":{"rendered":"<p>Acorde con la visi\u00f3n de este nuevo Gobierno, que se rige por la transparencia y que rendir\u00e1 cuentas claras a los yucatecos, la Secretar\u00eda de Educaci\u00f3n del Gobierno del Estado de Yucat\u00e1n informa que en d\u00edas pasados tom\u00f3 conocimiento de una denuncia en redes sociales que report\u00f3, el domingo 14 pasado, el caso de un &hellip;<\/p>\n","protected":false},"author":5,"featured_media":47134,"comment_status":"open","ping_status":"open","sticky":false,"template":"","format":"standard","meta":{"_mi_skip_tracking":false},"categories":[50,37],"tags":[13117,185,3861,604,13118],"_links":{"self":[{"href":"https:\/\/visionpeninsular.com\/mid\/wp-json\/wp\/v2\/posts\/47133"}],"collection":[{"href":"https:\/\/visionpeninsular.com\/mid\/wp-json\/wp\/v2\/posts"}],"about":[{"href":"https:\/\/visionpeninsular.com\/mid\/wp-json\/wp\/v2\/types\/post"}],"author":[{"embeddable":true,"href":"https:\/\/visionpeninsular.com\/mid\/wp-json\/wp\/v2\/users\/5"}],"replies":[{"embeddable":true,"href":"https:\/\/visionpeninsular.com\/mid\/wp-json\/wp\/v2\/comments?post=47133"}],"version-history":[{"count":1,"href":"https:\/\/visionpeninsular.com\/mid\/wp-json\/wp\/v2\/posts\/47133\/revisions"}],"predecessor-version":[{"id":47135,"href":"https:\/\/visionpeninsular.com\/mid\/wp-json\/wp\/v2\/posts\/47133\/revisions\/47135"}],"wp:featuredmedia":[{"embeddable":true,"href":"https:\/\/visionpeninsular.com\/mid\/wp-json\/wp\/v2\/media\/47134"}],"wp:attachment":[{"href":"https:\/\/visionpeninsular.com\/mid\/wp-json\/wp\/v2\/media?parent=47133"}],"wp:term":[{"taxonomy":"category","embeddable":true,"href":"https:\/\/visionpeninsular.com\/mid\/wp-json\/wp\/v2\/categories?post=47133"},{"taxonomy":"post_tag","embeddable":true,"href":"https:\/\/visionpeninsular.com\/mid\/wp-json\/wp\/v2\/tags?post=47133"}],"curies":[{"name":"wp","href":"https:\/\/api.w.org\/{rel}","templated":true}]}}