{"id":4709,"date":"2016-06-03T17:12:34","date_gmt":"2016-06-03T22:12:34","guid":{"rendered":"http:\/\/visionpeninsular.com\/mid\/?p=4709"},"modified":"2016-06-03T17:12:34","modified_gmt":"2016-06-03T22:12:34","slug":"delegado-del-isste-indico-que-el-nuevo-hospital-esta-a-tiempo-y-forma","status":"publish","type":"post","link":"https:\/\/visionpeninsular.com\/mid\/delegado-del-isste-indico-que-el-nuevo-hospital-esta-a-tiempo-y-forma\/","title":{"rendered":"Delegado del ISSTE indic\u00f3 que el nuevo hospital est\u00e1 a tiempo y forma"},"content":{"rendered":"<p style=\"margin: 0cm;margin-bottom: .0001pt;background: white\"><span style=\"font-family: 'Arial',sans-serif;color: black\">El delegado del Instituto de Seguridad y Servicios Sociales de los Trabajadores del Estado Luis Hevia Jim\u00e9nez inform\u00f3 que el proyecto del nuevo Hospital Regional de Segundo Nivel se encuentra en tiempo y forma.<\/span><\/p>\n<p style=\"margin: 0cm;margin-bottom: .0001pt;background: white\"><span style=\"font-family: 'Arial',sans-serif;color: black\">\u00a0<\/span><\/p>\n<p style=\"margin: 0cm;margin-bottom: .0001pt;background: white\"><span style=\"font-family: 'Arial',sans-serif;color: black\">Dijo que se est\u00e1 avanzando en los tiempos previstos y que en estos momentos se lleva a cabo las juntas de aclaraciones con las empresas interesadas en participar. Dijo que el proceso se llevara un par de meses m\u00e1s para que se comience con la etapa de presentaci\u00f3n del proyecto.<\/span><\/p>\n<p style=\"margin: 0cm;margin-bottom: .0001pt;background: white\"><span style=\"font-family: 'Arial',sans-serif;color: black\">Asimismo, se\u00f1al\u00f3 que los trabajos de construcci\u00f3n comenzar\u00e1n el pr\u00f3ximo mes de octubre.<\/span><\/p>\n<p style=\"margin: 0cm;margin-bottom: .0001pt;background: white\"><span style=\"font-family: 'Arial',sans-serif;color: black\">\u00a0<\/span><\/p>\n<p style=\"margin: 0cm;margin-bottom: .0001pt;background: white\"><span style=\"font-family: 'Arial',sans-serif;color: black\">El nuevo hospital se ubicar\u00e1 en Perif\u00e9rico Poniente, a espaldas del Poder Legislativo, y se invertir\u00e1n 586 millones de pesos en su construcci\u00f3n.\u00a0<\/span><\/p>\n<p style=\"margin: 0cm;margin-bottom: .0001pt;background: white\"><span style=\"font-family: 'Arial',sans-serif;color: black\">Destac\u00f3 que el nuevo hospital est\u00e1 orientado a los derechohabientes de Yucat\u00e1n con la finalidad de dar un desahogo a la saturaci\u00f3n de los dem\u00e1s hospitales.<\/span><\/p>\n<p style=\"margin: 0cm;margin-bottom: .0001pt;background: white\"><span style=\"font-family: 'Arial',sans-serif;color: black\">Indic\u00f3 que las instalaciones contar\u00e1n con cuatro quir\u00f3fanos entre los que ese encuentra uno especializado en embarazos, as\u00ed como la Unidad de Telemedicina y un Banco de Sangre.<\/span><\/p>\n<p style=\"margin: 0cm;margin-bottom: .0001pt;background: white\"><span style=\"font-family: 'Arial',sans-serif;color: black\">\u00a0<\/span><\/p>\n<p style=\"margin: 0cm;margin-bottom: .0001pt;background: white\"><span style=\"font-family: 'Arial',sans-serif;color: black\">Por \u00faltimo, indic\u00f3 que las instalaciones deben estar funcionando los primeros d\u00edas del 2018 y beneficiar\u00e1 a m\u00e1s de 170 mil derechohabientes del estado, por lo que se est\u00e1 adecuando de la mejor manera con apartamentos de \u00faltima tecnolog\u00eda.\u00a0<\/span><\/p>\n<div class='share-to-whatsapp-wrapper'><div class='share-on-whsp'>Share on: <\/div><a data-text='Delegado del ISSTE indic\u00f3 que el nuevo hospital est\u00e1 a tiempo y forma' data-link='https:\/\/visionpeninsular.com\/mid\/delegado-del-isste-indico-que-el-nuevo-hospital-esta-a-tiempo-y-forma\/' class='whatsapp-button whatsapp-share'>WhatsApp<\/a><div class='clear '><\/div><\/div>","protected":false},"excerpt":{"rendered":"<p>El delegado del Instituto de Seguridad y Servicios Sociales de los Trabajadores del Estado Luis Hevia Jim\u00e9nez inform\u00f3 que el proyecto del nuevo Hospital Regional de Segundo Nivel se encuentra en tiempo y forma. \u00a0 Dijo que se est\u00e1 avanzando en los tiempos previstos y que en estos momentos se lleva a cabo las juntas &hellip;<\/p>\n","protected":false},"author":3,"featured_media":4710,"comment_status":"open","ping_status":"open","sticky":false,"template":"","format":"standard","meta":{"_mi_skip_tracking":false},"categories":[50,37],"tags":[1009,1010],"_links":{"self":[{"href":"https:\/\/visionpeninsular.com\/mid\/wp-json\/wp\/v2\/posts\/4709"}],"collection":[{"href":"https:\/\/visionpeninsular.com\/mid\/wp-json\/wp\/v2\/posts"}],"about":[{"href":"https:\/\/visionpeninsular.com\/mid\/wp-json\/wp\/v2\/types\/post"}],"author":[{"embeddable":true,"href":"https:\/\/visionpeninsular.com\/mid\/wp-json\/wp\/v2\/users\/3"}],"replies":[{"embeddable":true,"href":"https:\/\/visionpeninsular.com\/mid\/wp-json\/wp\/v2\/comments?post=4709"}],"version-history":[{"count":1,"href":"https:\/\/visionpeninsular.com\/mid\/wp-json\/wp\/v2\/posts\/4709\/revisions"}],"predecessor-version":[{"id":4711,"href":"https:\/\/visionpeninsular.com\/mid\/wp-json\/wp\/v2\/posts\/4709\/revisions\/4711"}],"wp:featuredmedia":[{"embeddable":true,"href":"https:\/\/visionpeninsular.com\/mid\/wp-json\/wp\/v2\/media\/4710"}],"wp:attachment":[{"href":"https:\/\/visionpeninsular.com\/mid\/wp-json\/wp\/v2\/media?parent=4709"}],"wp:term":[{"taxonomy":"category","embeddable":true,"href":"https:\/\/visionpeninsular.com\/mid\/wp-json\/wp\/v2\/categories?post=4709"},{"taxonomy":"post_tag","embeddable":true,"href":"https:\/\/visionpeninsular.com\/mid\/wp-json\/wp\/v2\/tags?post=4709"}],"curies":[{"name":"wp","href":"https:\/\/api.w.org\/{rel}","templated":true}]}}