{"id":46887,"date":"2018-10-25T11:33:28","date_gmt":"2018-10-25T16:33:28","guid":{"rendered":"http:\/\/visionpeninsular.com\/mid\/?p=46887"},"modified":"2018-10-25T11:33:28","modified_gmt":"2018-10-25T16:33:28","slug":"exponen-vision-de-sedeculta-en-encuentro-nacional-de-gestion-cultural","status":"publish","type":"post","link":"https:\/\/visionpeninsular.com\/mid\/exponen-vision-de-sedeculta-en-encuentro-nacional-de-gestion-cultural\/","title":{"rendered":"Exponen visi\u00f3n de  SEDECULTA en Encuentro Nacional de Gesti\u00f3n Cultural"},"content":{"rendered":"<p>Vincular, entrelazar y facilitar las acciones de todos los agentes en la materia con miras a nuevos entendimientos es la prioridad de la Secretar\u00eda de la Cultura y las Artes (SEDECULTA) expuso su titular, Erica Millet Corona.<\/p>\n<p>Al inaugurar, en representaci\u00f3n del Gobernador Mauricio Vila Dosal, el Tercer Encuentro Nacional de Gesti\u00f3n Cultural M\u00e9xico, organizado por la Universidad Aut\u00f3noma de Yucat\u00e1n (UADY), la funcionaria dijo que se establecer\u00e1n redes multidimensionales entre sus actores, actividades de investigaci\u00f3n, tecnolog\u00eda, arte y educaci\u00f3n.<\/p>\n<p>Ante la presencia de la presidente de la Red Universitaria de Gesti\u00f3n Cultural M\u00e9xico, Ahtziri Molina Roldan, Millet Corona indic\u00f3 que dicha encomienda partir\u00e1 atendiendo al llamado de austeridad propuesto por Vila Dosal, que permitir\u00e1 optimizar los recursos aportados por la ciudadan\u00eda para que lleguen donde sean m\u00e1s eficaces.<\/p>\n<p>De esta manera, agreg\u00f3, se sustituir\u00e1 la imposici\u00f3n con el di\u00e1logo y la improvisaci\u00f3n con la planeaci\u00f3n, adem\u00e1s de hacer part\u00edcipe a la poblaci\u00f3n para que sea un motor y se sume a la labor de construir y organizar.<\/p>\n<p>En su intervenci\u00f3n, Molina Rold\u00e1n se\u00f1al\u00f3 que el encuentro, que re\u00fane a personas de Argentina, Brasil, Panam\u00e1 y M\u00e9xico, servir\u00e1 para hablar de los aportes de la acci\u00f3n cultural de la agenda 2030 y del desarrollo sostenible establecida por la Organizaci\u00f3n de las Naciones Unidas (ONU).<\/p>\n<p>A\u00f1adi\u00f3 que es el prop\u00f3sito es sensibilizar comunidades, generar armon\u00eda en donde habitamos, dialogar para mejorar al mundo y crear pol\u00edticas p\u00fablicas. \u201cLo que tenemos que hacer es cuestionarnos \u00bfqu\u00e9 y c\u00f3mo pensamos? \u00bfpara qu\u00e9 y para quienes? con relaci\u00f3n al tema. Es un compromiso con la comunidad\u201d, indic\u00f3.<\/p>\n<p>El Secretario de Rector\u00eda de la UADY, Carlos Echazarreta Gonz\u00e1lez, puntualiz\u00f3 que la finalidad del coloquio es fortalecer el quehacer de la sociedad. Se trata de compartir visiones y perspectivas, as\u00ed como generar estrategias para revalorar las acciones en el tema. Es un punto de convergencia para exponer grandes problemas del referido t\u00f3pico.<\/p>\n<p>Luego del acto protocolario, autoridades presenciaron la primera conferencia denominada Desarrollo sostenible como pol\u00edtica cultural universitaria a cargo de L\u00e1zaro Rodr\u00edguez Oliva, consultor de la ONU quien explic\u00f3 los 17 objetivos de la referida agenda 2030.<\/p>\n<p>Entre los invitados estuvieron director de Cultura del Ayuntamiento de M\u00e9rida, Irvin Berl\u00edn Villafa\u00f1a; director del Campus de Arquitectura, Habitad, Arte y Dise\u00f1o de la UADY, Alfredo Alonzo Aguilar; y el responsable del Programa Institucional de Cultura para el Desarrollo, Ra\u00fal Lara Quevedo.<\/p>\n<p>&nbsp;<\/p>\n<div class='share-to-whatsapp-wrapper'><div class='share-on-whsp'>Share on: <\/div><a data-text='Exponen visi\u00f3n de  SEDECULTA en Encuentro Nacional de Gesti\u00f3n Cultural' data-link='https:\/\/visionpeninsular.com\/mid\/exponen-vision-de-sedeculta-en-encuentro-nacional-de-gestion-cultural\/' class='whatsapp-button whatsapp-share'>WhatsApp<\/a><div class='clear '><\/div><\/div>","protected":false},"excerpt":{"rendered":"<p>Vincular, entrelazar y facilitar las acciones de todos los agentes en la materia con miras a nuevos entendimientos es la prioridad de la Secretar\u00eda de la Cultura y las Artes (SEDECULTA) expuso su titular, Erica Millet Corona. Al inaugurar, en representaci\u00f3n del Gobernador Mauricio Vila Dosal, el Tercer Encuentro Nacional de Gesti\u00f3n Cultural M\u00e9xico, organizado &hellip;<\/p>\n","protected":false},"author":5,"featured_media":46888,"comment_status":"open","ping_status":"open","sticky":false,"template":"","format":"standard","meta":{"_mi_skip_tracking":false},"categories":[50,37],"tags":[13048,1557,448],"_links":{"self":[{"href":"https:\/\/visionpeninsular.com\/mid\/wp-json\/wp\/v2\/posts\/46887"}],"collection":[{"href":"https:\/\/visionpeninsular.com\/mid\/wp-json\/wp\/v2\/posts"}],"about":[{"href":"https:\/\/visionpeninsular.com\/mid\/wp-json\/wp\/v2\/types\/post"}],"author":[{"embeddable":true,"href":"https:\/\/visionpeninsular.com\/mid\/wp-json\/wp\/v2\/users\/5"}],"replies":[{"embeddable":true,"href":"https:\/\/visionpeninsular.com\/mid\/wp-json\/wp\/v2\/comments?post=46887"}],"version-history":[{"count":1,"href":"https:\/\/visionpeninsular.com\/mid\/wp-json\/wp\/v2\/posts\/46887\/revisions"}],"predecessor-version":[{"id":46889,"href":"https:\/\/visionpeninsular.com\/mid\/wp-json\/wp\/v2\/posts\/46887\/revisions\/46889"}],"wp:featuredmedia":[{"embeddable":true,"href":"https:\/\/visionpeninsular.com\/mid\/wp-json\/wp\/v2\/media\/46888"}],"wp:attachment":[{"href":"https:\/\/visionpeninsular.com\/mid\/wp-json\/wp\/v2\/media?parent=46887"}],"wp:term":[{"taxonomy":"category","embeddable":true,"href":"https:\/\/visionpeninsular.com\/mid\/wp-json\/wp\/v2\/categories?post=46887"},{"taxonomy":"post_tag","embeddable":true,"href":"https:\/\/visionpeninsular.com\/mid\/wp-json\/wp\/v2\/tags?post=46887"}],"curies":[{"name":"wp","href":"https:\/\/api.w.org\/{rel}","templated":true}]}}