{"id":46835,"date":"2018-10-25T05:34:44","date_gmt":"2018-10-25T10:34:44","guid":{"rendered":"http:\/\/visionpeninsular.com\/mid\/?p=46835"},"modified":"2018-10-25T05:34:44","modified_gmt":"2018-10-25T10:34:44","slug":"mama-e-hijo-suben-a-taxi-en-campeche-y-desaparecen","status":"publish","type":"post","link":"https:\/\/visionpeninsular.com\/mid\/mama-e-hijo-suben-a-taxi-en-campeche-y-desaparecen\/","title":{"rendered":"Mam\u00e1 e hijo suben a taxi en Campeche y desaparecen"},"content":{"rendered":"<p dir=\"ltr\">La <strong>Fiscal\u00eda General del Estado de Campeche <\/strong>busca a <strong>Sobeida del Carmen Moreno Escamilla<\/strong> y de su\u00a0hijo menor, <strong>Leonardo Daniel<\/strong>, quienes fueron vistos por \u00faltima vez cuando subieron a un taxi el pasado domingo 21 de octubre del presente a\u00f1o.<\/p>\n<p dir=\"ltr\">La madre de <strong>Sobeida<\/strong> indic\u00f3 que ambos subieron a la unidad sobre la <strong>avenida Revoluci\u00f3n <\/strong>en la <strong>Ciudad de Champot\u00f3n<\/strong>, alrededor de las 20:00 horas.<\/p>\n<h2 dir=\"ltr\">Caracter\u00edsticas de Sobeida del Carmen Moreno Escamilla:<\/h2>\n<ul dir=\"ltr\">\n<li>Edad: 14 a\u00f1os<\/li>\n<li>Complexi\u00f3n: robusta<\/li>\n<li>Mide: 1.40 metros<\/li>\n<li>Tez: clara<\/li>\n<li>Cabello: negro y largo hasta la cintura<\/li>\n<li>El d\u00eda del extrav\u00edo portaba un vestido color verde con flores y zapatos negro<\/li>\n<\/ul>\n<p>El menor <strong>Leonardo Daniel<\/strong> tiene 1 a\u00f1o y 3 meses de edad. El d\u00eda del extrav\u00edo vest\u00eda camisa de cuello V de color verde, pantal\u00f3n color caf\u00e9 y sandalias de color azul con caf\u00e9.<\/p>\n<p dir=\"ltr\">Cualquier informaci\u00f3n que ayude a su localizaci\u00f3n pueden comunicarse a los tel\u00e9fonos<strong> 81 1-94-00 y (982) 82-8-28-21.<\/strong><\/p>\n<div class='share-to-whatsapp-wrapper'><div class='share-on-whsp'>Share on: <\/div><a data-text='Mam\u00e1 e hijo suben a taxi en Campeche y desaparecen' data-link='https:\/\/visionpeninsular.com\/mid\/mama-e-hijo-suben-a-taxi-en-campeche-y-desaparecen\/' class='whatsapp-button whatsapp-share'>WhatsApp<\/a><div class='clear '><\/div><\/div>","protected":false},"excerpt":{"rendered":"<p>La Fiscal\u00eda General del Estado de Campeche busca a Sobeida del Carmen Moreno Escamilla y de su\u00a0hijo menor, Leonardo Daniel, quienes fueron vistos por \u00faltima vez cuando subieron a un taxi el pasado domingo 21 de octubre del presente a\u00f1o. La madre de Sobeida indic\u00f3 que ambos subieron a la unidad sobre la avenida Revoluci\u00f3n &hellip;<\/p>\n","protected":false},"author":1,"featured_media":46836,"comment_status":"open","ping_status":"open","sticky":false,"template":"","format":"standard","meta":{"_mi_skip_tracking":false},"categories":[46],"tags":[13027],"_links":{"self":[{"href":"https:\/\/visionpeninsular.com\/mid\/wp-json\/wp\/v2\/posts\/46835"}],"collection":[{"href":"https:\/\/visionpeninsular.com\/mid\/wp-json\/wp\/v2\/posts"}],"about":[{"href":"https:\/\/visionpeninsular.com\/mid\/wp-json\/wp\/v2\/types\/post"}],"author":[{"embeddable":true,"href":"https:\/\/visionpeninsular.com\/mid\/wp-json\/wp\/v2\/users\/1"}],"replies":[{"embeddable":true,"href":"https:\/\/visionpeninsular.com\/mid\/wp-json\/wp\/v2\/comments?post=46835"}],"version-history":[{"count":1,"href":"https:\/\/visionpeninsular.com\/mid\/wp-json\/wp\/v2\/posts\/46835\/revisions"}],"predecessor-version":[{"id":46837,"href":"https:\/\/visionpeninsular.com\/mid\/wp-json\/wp\/v2\/posts\/46835\/revisions\/46837"}],"wp:featuredmedia":[{"embeddable":true,"href":"https:\/\/visionpeninsular.com\/mid\/wp-json\/wp\/v2\/media\/46836"}],"wp:attachment":[{"href":"https:\/\/visionpeninsular.com\/mid\/wp-json\/wp\/v2\/media?parent=46835"}],"wp:term":[{"taxonomy":"category","embeddable":true,"href":"https:\/\/visionpeninsular.com\/mid\/wp-json\/wp\/v2\/categories?post=46835"},{"taxonomy":"post_tag","embeddable":true,"href":"https:\/\/visionpeninsular.com\/mid\/wp-json\/wp\/v2\/tags?post=46835"}],"curies":[{"name":"wp","href":"https:\/\/api.w.org\/{rel}","templated":true}]}}